{"id":6378,"date":"2022-03-30T11:58:00","date_gmt":"2022-03-30T14:58:00","guid":{"rendered":"http:\/\/gobierno.udd.cl\/cpp\/?p=6378"},"modified":"2022-04-07T12:02:35","modified_gmt":"2022-04-07T16:02:35","slug":"programa-directo-al-grano-40","status":"publish","type":"post","link":"https:\/\/gobierno.udd.cl\/cpp\/noticias\/2022\/03\/30\/programa-directo-al-grano-40\/","title":{"rendered":"Programa \u00abDirecto al grano\u00bb"},"content":{"rendered":"\n<h3 class=\"wp-block-heading\"> Gobierno reacciona a hechos del D\u00eda del Joven Combatiente &#8211; Bloque 1<\/h3>\n\n\n<audio class=\"wp-audio-shortcode\" id=\"audio-6378-1\" preload=\"none\" style=\"width: 100%;\" controls=\"controls\"><source type=\"audio\/mpeg\" src=\"https:\/\/conectamedia.s3.amazonaws.com\/62447fc76f957d3b106a9aab.mp3?_=1\" \/><a href=\"https:\/\/conectamedia.s3.amazonaws.com\/62447fc76f957d3b106a9aab.mp3\">https:\/\/conectamedia.s3.amazonaws.com\/62447fc76f957d3b106a9aab.mp3<\/a><\/audio>\n\n\n<h3 class=\"wp-block-heading\">Gobierno reacciona a hechos del D\u00eda del Joven Combatiente &#8211; Bloque 2<\/h3>\n\n\n<audio class=\"wp-audio-shortcode\" id=\"audio-6378-2\" preload=\"none\" style=\"width: 100%;\" controls=\"controls\"><source type=\"audio\/mpeg\" src=\"https:\/\/conectamedia.s3.amazonaws.com\/624481be6f957d3b106a9c1d.mp3?_=2\" \/><a href=\"https:\/\/conectamedia.s3.amazonaws.com\/624481be6f957d3b106a9c1d.mp3\">https:\/\/conectamedia.s3.amazonaws.com\/624481be6f957d3b106a9c1d.mp3<\/a><\/audio>\n\n\n<h3 class=\"wp-block-heading\">Gobierno reacciona a hechos del D\u00eda del Joven Combatiente &#8211; Bloque 3<strong><br> <\/strong><\/h3>\n\n\n<audio class=\"wp-audio-shortcode\" id=\"audio-6378-3\" preload=\"none\" style=\"width: 100%;\" controls=\"controls\"><source type=\"audio\/mpeg\" src=\"https:\/\/conectamedia.s3.amazonaws.com\/4ac47386e67856722a8b0f36c43da084_manual.mp3?_=3\" \/><a href=\"https:\/\/conectamedia.s3.amazonaws.com\/4ac47386e67856722a8b0f36c43da084_manual.mp3\">https:\/\/conectamedia.s3.amazonaws.com\/4ac47386e67856722a8b0f36c43da084_manual.mp3<\/a><\/audio>","protected":false},"excerpt":{"rendered":"<p>Medio: Radio Agricultura<br \/>\nModera: Gonzalo M\u00fcller, director Centro de Pol\u00edticas P\u00fablicas UDD. <\/p>\n","protected":false},"author":22,"featured_media":5939,"comment_status":"open","ping_status":"open","sticky":false,"template":"","format":"standard","meta":{"footnotes":""},"categories":[10162],"tags":[],"class_list":["post-6378","post","type-post","status-publish","format-standard","has-post-thumbnail","hentry","category-centro-en-la-prensa"],"featured_image_url":"https:\/\/gobierno.udd.cl\/cpp\/files\/2020\/11\/Dise\u00f1o-sin-t\u00edtulo-12.png","_links":{"self":[{"href":"https:\/\/gobierno.udd.cl\/cpp\/wp-json\/wp\/v2\/posts\/6378","targetHints":{"allow":["GET"]}}],"collection":[{"href":"https:\/\/gobierno.udd.cl\/cpp\/wp-json\/wp\/v2\/posts"}],"about":[{"href":"https:\/\/gobierno.udd.cl\/cpp\/wp-json\/wp\/v2\/types\/post"}],"author":[{"embeddable":true,"href":"https:\/\/gobierno.udd.cl\/cpp\/wp-json\/wp\/v2\/users\/22"}],"replies":[{"embeddable":true,"href":"https:\/\/gobierno.udd.cl\/cpp\/wp-json\/wp\/v2\/comments?post=6378"}],"version-history":[{"count":1,"href":"https:\/\/gobierno.udd.cl\/cpp\/wp-json\/wp\/v2\/posts\/6378\/revisions"}],"predecessor-version":[{"id":6379,"href":"https:\/\/gobierno.udd.cl\/cpp\/wp-json\/wp\/v2\/posts\/6378\/revisions\/6379"}],"wp:featuredmedia":[{"embeddable":true,"href":"https:\/\/gobierno.udd.cl\/cpp\/wp-json\/wp\/v2\/media\/5939"}],"wp:attachment":[{"href":"https:\/\/gobierno.udd.cl\/cpp\/wp-json\/wp\/v2\/media?parent=6378"}],"wp:term":[{"taxonomy":"category","embeddable":true,"href":"https:\/\/gobierno.udd.cl\/cpp\/wp-json\/wp\/v2\/categories?post=6378"},{"taxonomy":"post_tag","embeddable":true,"href":"https:\/\/gobierno.udd.cl\/cpp\/wp-json\/wp\/v2\/tags?post=6378"}],"curies":[{"name":"wp","href":"https:\/\/api.w.org\/{rel}","templated":true}]}}