{"id":6366,"date":"2022-03-09T19:44:00","date_gmt":"2022-03-09T22:44:00","guid":{"rendered":"http:\/\/gobierno.udd.cl\/cpp\/?p=6366"},"modified":"2022-03-17T19:45:30","modified_gmt":"2022-03-17T22:45:30","slug":"programa-directo-al-grano-38","status":"publish","type":"post","link":"https:\/\/gobierno.udd.cl\/cpp\/noticias\/2022\/03\/09\/programa-directo-al-grano-38\/","title":{"rendered":"Programa \u00abDirecto al grano\u00bb"},"content":{"rendered":"\n<h3 class=\"wp-block-heading\">La pol\u00e9micas de la Convenci\u00f3n Constituyente &#8211; Bloque 1<\/h3>\n\n\n<audio class=\"wp-audio-shortcode\" id=\"audio-6366-1\" preload=\"none\" style=\"width: 100%;\" controls=\"controls\"><source type=\"audio\/mpeg\" src=\"https:\/\/conectamedia.s3.amazonaws.com\/6228aa9c9224a456afc6ee2a.mp3?_=1\" \/><a href=\"https:\/\/conectamedia.s3.amazonaws.com\/6228aa9c9224a456afc6ee2a.mp3\">https:\/\/conectamedia.s3.amazonaws.com\/6228aa9c9224a456afc6ee2a.mp3<\/a><\/audio>\n\n\n<h3 class=\"wp-block-heading\">Siguen las pol\u00e9micas en la convenci\u00f3n constitucional &#8211; Bloque 2<strong><br> <\/strong><\/h3>\n\n\n<audio class=\"wp-audio-shortcode\" id=\"audio-6366-2\" preload=\"none\" style=\"width: 100%;\" controls=\"controls\"><source type=\"audio\/mpeg\" src=\"https:\/\/conectamedia.s3.amazonaws.com\/6228ad319224a456afc6f676.mp3?_=2\" \/><a href=\"https:\/\/conectamedia.s3.amazonaws.com\/6228ad319224a456afc6f676.mp3\">https:\/\/conectamedia.s3.amazonaws.com\/6228ad319224a456afc6f676.mp3<\/a><\/audio>\n\n\n<h3 class=\"wp-block-heading\">La consecuencias de la plurinacionalidad &#8211; Bloque 3<\/h3>\n\n\n<audio class=\"wp-audio-shortcode\" id=\"audio-6366-3\" preload=\"none\" style=\"width: 100%;\" controls=\"controls\"><source type=\"audio\/mpeg\" src=\"https:\/\/conectamedia.s3.amazonaws.com\/6228b11c9224a456afc6f9b5.mp3?_=3\" \/><a href=\"https:\/\/conectamedia.s3.amazonaws.com\/6228b11c9224a456afc6f9b5.mp3\">https:\/\/conectamedia.s3.amazonaws.com\/6228b11c9224a456afc6f9b5.mp3<\/a><\/audio>\n\n\n<p><strong><br>\n\n<\/strong><\/p>\n\n\n\n<p><strong><br> <\/strong><\/p>\n","protected":false},"excerpt":{"rendered":"<p>Conduce: Gonzalo M\u00fcller, director del Centro de Pol\u00edticas P\u00fablicas UDD.<\/p>\n<p>Panelista: Rodrigo Arellano, vicedecano de la Facultad de Gobierno UDD. <\/p>\n<p>Medio: Radio Agricultura<\/p>\n","protected":false},"author":22,"featured_media":5939,"comment_status":"open","ping_status":"open","sticky":false,"template":"","format":"standard","meta":{"footnotes":""},"categories":[10162],"tags":[],"class_list":["post-6366","post","type-post","status-publish","format-standard","has-post-thumbnail","hentry","category-centro-en-la-prensa"],"featured_image_url":"https:\/\/gobierno.udd.cl\/cpp\/files\/2020\/11\/Dise\u00f1o-sin-t\u00edtulo-12.png","_links":{"self":[{"href":"https:\/\/gobierno.udd.cl\/cpp\/wp-json\/wp\/v2\/posts\/6366","targetHints":{"allow":["GET"]}}],"collection":[{"href":"https:\/\/gobierno.udd.cl\/cpp\/wp-json\/wp\/v2\/posts"}],"about":[{"href":"https:\/\/gobierno.udd.cl\/cpp\/wp-json\/wp\/v2\/types\/post"}],"author":[{"embeddable":true,"href":"https:\/\/gobierno.udd.cl\/cpp\/wp-json\/wp\/v2\/users\/22"}],"replies":[{"embeddable":true,"href":"https:\/\/gobierno.udd.cl\/cpp\/wp-json\/wp\/v2\/comments?post=6366"}],"version-history":[{"count":1,"href":"https:\/\/gobierno.udd.cl\/cpp\/wp-json\/wp\/v2\/posts\/6366\/revisions"}],"predecessor-version":[{"id":6367,"href":"https:\/\/gobierno.udd.cl\/cpp\/wp-json\/wp\/v2\/posts\/6366\/revisions\/6367"}],"wp:featuredmedia":[{"embeddable":true,"href":"https:\/\/gobierno.udd.cl\/cpp\/wp-json\/wp\/v2\/media\/5939"}],"wp:attachment":[{"href":"https:\/\/gobierno.udd.cl\/cpp\/wp-json\/wp\/v2\/media?parent=6366"}],"wp:term":[{"taxonomy":"category","embeddable":true,"href":"https:\/\/gobierno.udd.cl\/cpp\/wp-json\/wp\/v2\/categories?post=6366"},{"taxonomy":"post_tag","embeddable":true,"href":"https:\/\/gobierno.udd.cl\/cpp\/wp-json\/wp\/v2\/tags?post=6366"}],"curies":[{"name":"wp","href":"https:\/\/api.w.org\/{rel}","templated":true}]}}