{"id":6358,"date":"2022-03-02T13:38:00","date_gmt":"2022-03-02T16:38:00","guid":{"rendered":"http:\/\/gobierno.udd.cl\/cpp\/?p=6358"},"modified":"2022-03-09T13:39:09","modified_gmt":"2022-03-09T16:39:09","slug":"programa-directo-al-grano-37","status":"publish","type":"post","link":"https:\/\/gobierno.udd.cl\/cpp\/noticias\/2022\/03\/02\/programa-directo-al-grano-37\/","title":{"rendered":"Programa \u00abDirecto al grano\u00bb"},"content":{"rendered":"\n<h3 class=\"wp-block-heading\">Debate por la eliminaci\u00f3n del Senado en la Convenci\u00f3n Constituyente &#8211; Bloque 1<\/h3>\n\n\n<audio class=\"wp-audio-shortcode\" id=\"audio-6358-1\" preload=\"none\" style=\"width: 100%;\" controls=\"controls\"><source type=\"audio\/mpeg\" src=\"https:\/\/conectamedia.s3.amazonaws.com\/621f8b8f148aab7e1429adf5.mp3?_=1\" \/><a href=\"https:\/\/conectamedia.s3.amazonaws.com\/621f8b8f148aab7e1429adf5.mp3\">https:\/\/conectamedia.s3.amazonaws.com\/621f8b8f148aab7e1429adf5.mp3<\/a><\/audio>\n\n\n<h3 class=\"wp-block-heading\">Pol\u00e9mica por propuesta de eliminar el Senado &#8211; Bloque 2<\/h3>\n\n\n<audio class=\"wp-audio-shortcode\" id=\"audio-6358-2\" preload=\"none\" style=\"width: 100%;\" controls=\"controls\"><source type=\"audio\/mpeg\" src=\"https:\/\/conectamedia.s3.amazonaws.com\/621f8fe5148aab7e1429b27c.mp3?_=2\" \/><a href=\"https:\/\/conectamedia.s3.amazonaws.com\/621f8fe5148aab7e1429b27c.mp3\">https:\/\/conectamedia.s3.amazonaws.com\/621f8fe5148aab7e1429b27c.mp3<\/a><\/audio>\n\n\n<p><\/p>\n\n\n\n<p><strong><br> <\/strong><\/p>\n","protected":false},"excerpt":{"rendered":"<p>Conduce: Gonzalo M\u00fcller, director del Centro de Pol\u00edticas P\u00fablicas UDD. <\/p>\n<p>Panelista: Rodrigo Arellano, vicedecano de la Facultad de Gobierno UDD. <\/p>\n","protected":false},"author":22,"featured_media":5939,"comment_status":"open","ping_status":"open","sticky":false,"template":"","format":"standard","meta":{"footnotes":""},"categories":[10162],"tags":[],"class_list":["post-6358","post","type-post","status-publish","format-standard","has-post-thumbnail","hentry","category-centro-en-la-prensa"],"featured_image_url":"https:\/\/gobierno.udd.cl\/cpp\/files\/2020\/11\/Dise\u00f1o-sin-t\u00edtulo-12.png","_links":{"self":[{"href":"https:\/\/gobierno.udd.cl\/cpp\/wp-json\/wp\/v2\/posts\/6358","targetHints":{"allow":["GET"]}}],"collection":[{"href":"https:\/\/gobierno.udd.cl\/cpp\/wp-json\/wp\/v2\/posts"}],"about":[{"href":"https:\/\/gobierno.udd.cl\/cpp\/wp-json\/wp\/v2\/types\/post"}],"author":[{"embeddable":true,"href":"https:\/\/gobierno.udd.cl\/cpp\/wp-json\/wp\/v2\/users\/22"}],"replies":[{"embeddable":true,"href":"https:\/\/gobierno.udd.cl\/cpp\/wp-json\/wp\/v2\/comments?post=6358"}],"version-history":[{"count":1,"href":"https:\/\/gobierno.udd.cl\/cpp\/wp-json\/wp\/v2\/posts\/6358\/revisions"}],"predecessor-version":[{"id":6359,"href":"https:\/\/gobierno.udd.cl\/cpp\/wp-json\/wp\/v2\/posts\/6358\/revisions\/6359"}],"wp:featuredmedia":[{"embeddable":true,"href":"https:\/\/gobierno.udd.cl\/cpp\/wp-json\/wp\/v2\/media\/5939"}],"wp:attachment":[{"href":"https:\/\/gobierno.udd.cl\/cpp\/wp-json\/wp\/v2\/media?parent=6358"}],"wp:term":[{"taxonomy":"category","embeddable":true,"href":"https:\/\/gobierno.udd.cl\/cpp\/wp-json\/wp\/v2\/categories?post=6358"},{"taxonomy":"post_tag","embeddable":true,"href":"https:\/\/gobierno.udd.cl\/cpp\/wp-json\/wp\/v2\/tags?post=6358"}],"curies":[{"name":"wp","href":"https:\/\/api.w.org\/{rel}","templated":true}]}}