{"id":6349,"date":"2022-02-23T15:25:00","date_gmt":"2022-02-23T18:25:00","guid":{"rendered":"http:\/\/gobierno.udd.cl\/cpp\/?p=6349"},"modified":"2022-03-03T15:25:13","modified_gmt":"2022-03-03T18:25:13","slug":"programa-directo-al-grano-36","status":"publish","type":"post","link":"https:\/\/gobierno.udd.cl\/cpp\/noticias\/2022\/02\/23\/programa-directo-al-grano-36\/","title":{"rendered":"Programa \u00abDirecto al grano\u00bb"},"content":{"rendered":"\n<h3 class=\"wp-block-heading\"><strong>La molestia por la extensi\u00f3n del IFE laboral &#8211; Bloque 1<\/strong><\/h3>\n\n\n<audio class=\"wp-audio-shortcode\" id=\"audio-6349-1\" preload=\"none\" style=\"width: 100%;\" controls=\"controls\"><source type=\"audio\/mpeg\" src=\"https:\/\/conectamedia.s3.amazonaws.com\/621645aee2e6f6dac0664ad2.mp3?_=1\" \/><a href=\"https:\/\/conectamedia.s3.amazonaws.com\/621645aee2e6f6dac0664ad2.mp3\">https:\/\/conectamedia.s3.amazonaws.com\/621645aee2e6f6dac0664ad2.mp3<\/a><\/audio>\n\n\n<h3 class=\"wp-block-heading\"><strong>Norma sobre la libertad de expresi\u00f3n en la Convenci\u00f3n Constituyente &#8211; Bloque 2<\/strong><\/h3>\n\n\n<audio class=\"wp-audio-shortcode\" id=\"audio-6349-2\" preload=\"none\" style=\"width: 100%;\" controls=\"controls\"><source type=\"audio\/mpeg\" src=\"https:\/\/conectamedia.s3.amazonaws.com\/6216482c208302c5e1ca2b9c.mp3?_=2\" \/><a href=\"https:\/\/conectamedia.s3.amazonaws.com\/6216482c208302c5e1ca2b9c.mp3\">https:\/\/conectamedia.s3.amazonaws.com\/6216482c208302c5e1ca2b9c.mp3<\/a><\/audio>\n\n\n<h3 class=\"wp-block-heading\"><strong>Cr\u00edticas a la Convenci\u00f3n &#8211; Bloque 3<\/strong><\/h3>\n\n\n<audio class=\"wp-audio-shortcode\" id=\"audio-6349-3\" preload=\"none\" style=\"width: 100%;\" controls=\"controls\"><source type=\"audio\/mpeg\" src=\"https:\/\/conectamedia.s3.amazonaws.com\/86837e9f95d29dad7983b70dac13c930_manual.mp3?_=3\" \/><a href=\"https:\/\/conectamedia.s3.amazonaws.com\/86837e9f95d29dad7983b70dac13c930_manual.mp3\">https:\/\/conectamedia.s3.amazonaws.com\/86837e9f95d29dad7983b70dac13c930_manual.mp3<\/a><\/audio>\n\n\n<p><strong><br>\n\n<\/strong><\/p>\n\n\n\n<p><\/p>\n","protected":false},"excerpt":{"rendered":"<p>Medio: Radio Agricultura.<br \/>\nConduce: Gonzalo M\u00fcller, director Centro de Pol\u00edticas P\u00fablicas UDD. <\/p>\n","protected":false},"author":22,"featured_media":5939,"comment_status":"open","ping_status":"open","sticky":false,"template":"","format":"standard","meta":{"footnotes":""},"categories":[10162],"tags":[],"class_list":["post-6349","post","type-post","status-publish","format-standard","has-post-thumbnail","hentry","category-centro-en-la-prensa"],"featured_image_url":"https:\/\/gobierno.udd.cl\/cpp\/files\/2020\/11\/Dise\u00f1o-sin-t\u00edtulo-12.png","_links":{"self":[{"href":"https:\/\/gobierno.udd.cl\/cpp\/wp-json\/wp\/v2\/posts\/6349","targetHints":{"allow":["GET"]}}],"collection":[{"href":"https:\/\/gobierno.udd.cl\/cpp\/wp-json\/wp\/v2\/posts"}],"about":[{"href":"https:\/\/gobierno.udd.cl\/cpp\/wp-json\/wp\/v2\/types\/post"}],"author":[{"embeddable":true,"href":"https:\/\/gobierno.udd.cl\/cpp\/wp-json\/wp\/v2\/users\/22"}],"replies":[{"embeddable":true,"href":"https:\/\/gobierno.udd.cl\/cpp\/wp-json\/wp\/v2\/comments?post=6349"}],"version-history":[{"count":1,"href":"https:\/\/gobierno.udd.cl\/cpp\/wp-json\/wp\/v2\/posts\/6349\/revisions"}],"predecessor-version":[{"id":6350,"href":"https:\/\/gobierno.udd.cl\/cpp\/wp-json\/wp\/v2\/posts\/6349\/revisions\/6350"}],"wp:featuredmedia":[{"embeddable":true,"href":"https:\/\/gobierno.udd.cl\/cpp\/wp-json\/wp\/v2\/media\/5939"}],"wp:attachment":[{"href":"https:\/\/gobierno.udd.cl\/cpp\/wp-json\/wp\/v2\/media?parent=6349"}],"wp:term":[{"taxonomy":"category","embeddable":true,"href":"https:\/\/gobierno.udd.cl\/cpp\/wp-json\/wp\/v2\/categories?post=6349"},{"taxonomy":"post_tag","embeddable":true,"href":"https:\/\/gobierno.udd.cl\/cpp\/wp-json\/wp\/v2\/tags?post=6349"}],"curies":[{"name":"wp","href":"https:\/\/api.w.org\/{rel}","templated":true}]}}