{"id":6339,"date":"2022-02-09T17:29:00","date_gmt":"2022-02-09T20:29:00","guid":{"rendered":"http:\/\/gobierno.udd.cl\/cpp\/?p=6339"},"modified":"2022-02-28T17:29:36","modified_gmt":"2022-02-28T20:29:36","slug":"programa-directo-al-grano-33","status":"publish","type":"post","link":"https:\/\/gobierno.udd.cl\/cpp\/noticias\/2022\/02\/09\/programa-directo-al-grano-33\/","title":{"rendered":"Programa \u00abDirecto al grano\u00bb"},"content":{"rendered":"\n<h3 class=\"wp-block-heading\">Los tiempos que maneja la Convenci\u00f3n Constituyente &#8211; Bloque 1<\/h3>\n\n\n<audio class=\"wp-audio-shortcode\" id=\"audio-6339-1\" preload=\"none\" style=\"width: 100%;\" controls=\"controls\"><source type=\"audio\/mpeg\" src=\"https:\/\/conectamedia.s3.amazonaws.com\/6203dfeff5a60d18e5c6b2c7.mp3?_=1\" \/><a href=\"https:\/\/conectamedia.s3.amazonaws.com\/6203dfeff5a60d18e5c6b2c7.mp3\">https:\/\/conectamedia.s3.amazonaws.com\/6203dfeff5a60d18e5c6b2c7.mp3<\/a><\/audio>\n\n\n<h3 class=\"wp-block-heading\">Cr\u00edticas a la convenci\u00f3n constitucional &#8211; Bloque 2<\/h3>\n\n\n<audio class=\"wp-audio-shortcode\" id=\"audio-6339-2\" preload=\"none\" style=\"width: 100%;\" controls=\"controls\"><source type=\"audio\/mpeg\" src=\"https:\/\/conectamedia.s3.amazonaws.com\/62041266cd9c3581350f8331.mp3?_=2\" \/><a href=\"https:\/\/conectamedia.s3.amazonaws.com\/62041266cd9c3581350f8331.mp3\">https:\/\/conectamedia.s3.amazonaws.com\/62041266cd9c3581350f8331.mp3<\/a><\/audio>\n\n\n<p><strong><br>\n\n<\/strong><\/p>\n\n\n\n<p><\/p>\n","protected":false},"excerpt":{"rendered":"<p>Medio: Radio Agricultura<br \/>\nConduce: Gonzalo M\u00fcller, director Centro de Pol\u00edticas P\u00fablicas UDD.<\/p>\n","protected":false},"author":22,"featured_media":5939,"comment_status":"open","ping_status":"open","sticky":false,"template":"","format":"standard","meta":{"footnotes":""},"categories":[10162],"tags":[],"class_list":["post-6339","post","type-post","status-publish","format-standard","has-post-thumbnail","hentry","category-centro-en-la-prensa"],"featured_image_url":"https:\/\/gobierno.udd.cl\/cpp\/files\/2020\/11\/Dise\u00f1o-sin-t\u00edtulo-12.png","_links":{"self":[{"href":"https:\/\/gobierno.udd.cl\/cpp\/wp-json\/wp\/v2\/posts\/6339","targetHints":{"allow":["GET"]}}],"collection":[{"href":"https:\/\/gobierno.udd.cl\/cpp\/wp-json\/wp\/v2\/posts"}],"about":[{"href":"https:\/\/gobierno.udd.cl\/cpp\/wp-json\/wp\/v2\/types\/post"}],"author":[{"embeddable":true,"href":"https:\/\/gobierno.udd.cl\/cpp\/wp-json\/wp\/v2\/users\/22"}],"replies":[{"embeddable":true,"href":"https:\/\/gobierno.udd.cl\/cpp\/wp-json\/wp\/v2\/comments?post=6339"}],"version-history":[{"count":1,"href":"https:\/\/gobierno.udd.cl\/cpp\/wp-json\/wp\/v2\/posts\/6339\/revisions"}],"predecessor-version":[{"id":6340,"href":"https:\/\/gobierno.udd.cl\/cpp\/wp-json\/wp\/v2\/posts\/6339\/revisions\/6340"}],"wp:featuredmedia":[{"embeddable":true,"href":"https:\/\/gobierno.udd.cl\/cpp\/wp-json\/wp\/v2\/media\/5939"}],"wp:attachment":[{"href":"https:\/\/gobierno.udd.cl\/cpp\/wp-json\/wp\/v2\/media?parent=6339"}],"wp:term":[{"taxonomy":"category","embeddable":true,"href":"https:\/\/gobierno.udd.cl\/cpp\/wp-json\/wp\/v2\/categories?post=6339"},{"taxonomy":"post_tag","embeddable":true,"href":"https:\/\/gobierno.udd.cl\/cpp\/wp-json\/wp\/v2\/tags?post=6339"}],"curies":[{"name":"wp","href":"https:\/\/api.w.org\/{rel}","templated":true}]}}