{"id":6333,"date":"2022-02-16T17:23:00","date_gmt":"2022-02-16T20:23:00","guid":{"rendered":"http:\/\/gobierno.udd.cl\/cpp\/?p=6333"},"modified":"2022-02-28T17:26:53","modified_gmt":"2022-02-28T20:26:53","slug":"programa-directo-al-grano-32","status":"publish","type":"post","link":"https:\/\/gobierno.udd.cl\/cpp\/noticias\/2022\/02\/16\/programa-directo-al-grano-32\/","title":{"rendered":"Programa \u00abDirecto al grano\u00bb"},"content":{"rendered":"\n<h3 class=\"wp-block-heading\">Comentarios del primer d\u00eda de votaciones del pleno &#8211; Bloque 1<\/h3>\n\n\n<audio class=\"wp-audio-shortcode\" id=\"audio-6333-1\" preload=\"none\" style=\"width: 100%;\" controls=\"controls\"><source type=\"audio\/mpeg\" src=\"https:\/\/conectamedia.s3.amazonaws.com\/620d0b12b65ed027f5da4b5a.mp3?_=1\" \/><a href=\"https:\/\/conectamedia.s3.amazonaws.com\/620d0b12b65ed027f5da4b5a.mp3\">https:\/\/conectamedia.s3.amazonaws.com\/620d0b12b65ed027f5da4b5a.mp3<\/a><\/audio>\n\n\n<h3 class=\"wp-block-heading\">Cr\u00edticas a la primera votaci\u00f3n del pleno de la CC &#8211; Bloque 2<\/h3>\n\n\n<audio class=\"wp-audio-shortcode\" id=\"audio-6333-2\" preload=\"none\" style=\"width: 100%;\" controls=\"controls\"><source type=\"audio\/mpeg\" src=\"https:\/\/conectamedia.s3.amazonaws.com\/620d1595616baeefcbd091e1.mp3?_=2\" \/><a href=\"https:\/\/conectamedia.s3.amazonaws.com\/620d1595616baeefcbd091e1.mp3\">https:\/\/conectamedia.s3.amazonaws.com\/620d1595616baeefcbd091e1.mp3<\/a><\/audio>\n\n\n<p><strong><br> <\/strong><\/p>\n","protected":false},"excerpt":{"rendered":"<p>Medio: Radio Agricultura<br \/>\nConduce: Gonzalo M\u00fcller, director Centro de Pol\u00edticas P\u00fablicas UDD.<\/p>\n","protected":false},"author":22,"featured_media":5939,"comment_status":"open","ping_status":"open","sticky":false,"template":"","format":"standard","meta":{"footnotes":""},"categories":[10162],"tags":[],"class_list":["post-6333","post","type-post","status-publish","format-standard","has-post-thumbnail","hentry","category-centro-en-la-prensa"],"featured_image_url":"https:\/\/gobierno.udd.cl\/cpp\/files\/2020\/11\/Dise\u00f1o-sin-t\u00edtulo-12.png","_links":{"self":[{"href":"https:\/\/gobierno.udd.cl\/cpp\/wp-json\/wp\/v2\/posts\/6333","targetHints":{"allow":["GET"]}}],"collection":[{"href":"https:\/\/gobierno.udd.cl\/cpp\/wp-json\/wp\/v2\/posts"}],"about":[{"href":"https:\/\/gobierno.udd.cl\/cpp\/wp-json\/wp\/v2\/types\/post"}],"author":[{"embeddable":true,"href":"https:\/\/gobierno.udd.cl\/cpp\/wp-json\/wp\/v2\/users\/22"}],"replies":[{"embeddable":true,"href":"https:\/\/gobierno.udd.cl\/cpp\/wp-json\/wp\/v2\/comments?post=6333"}],"version-history":[{"count":2,"href":"https:\/\/gobierno.udd.cl\/cpp\/wp-json\/wp\/v2\/posts\/6333\/revisions"}],"predecessor-version":[{"id":6338,"href":"https:\/\/gobierno.udd.cl\/cpp\/wp-json\/wp\/v2\/posts\/6333\/revisions\/6338"}],"wp:featuredmedia":[{"embeddable":true,"href":"https:\/\/gobierno.udd.cl\/cpp\/wp-json\/wp\/v2\/media\/5939"}],"wp:attachment":[{"href":"https:\/\/gobierno.udd.cl\/cpp\/wp-json\/wp\/v2\/media?parent=6333"}],"wp:term":[{"taxonomy":"category","embeddable":true,"href":"https:\/\/gobierno.udd.cl\/cpp\/wp-json\/wp\/v2\/categories?post=6333"},{"taxonomy":"post_tag","embeddable":true,"href":"https:\/\/gobierno.udd.cl\/cpp\/wp-json\/wp\/v2\/tags?post=6333"}],"curies":[{"name":"wp","href":"https:\/\/api.w.org\/{rel}","templated":true}]}}