{"id":6329,"date":"2022-02-01T17:10:00","date_gmt":"2022-02-01T20:10:00","guid":{"rendered":"http:\/\/gobierno.udd.cl\/cpp\/?p=6329"},"modified":"2022-02-28T17:10:55","modified_gmt":"2022-02-28T20:10:55","slug":"entrevista-gonzalo-muller-analista-politico-y-academico-udd-sobre-la-designacion-de-subsecretarios","status":"publish","type":"post","link":"https:\/\/gobierno.udd.cl\/cpp\/noticias\/2022\/02\/01\/entrevista-gonzalo-muller-analista-politico-y-academico-udd-sobre-la-designacion-de-subsecretarios\/","title":{"rendered":"Entrevista Gonzalo M\u00fcller, analista pol\u00edtico y acad\u00e9mico UDD, sobre la designaci\u00f3n de subsecretarios"},"content":{"rendered":"\n<p>An\u00e1lisis pol\u00edtico de la designaci\u00f3n de subsecretarios, proyecciones en torno al gobierno de Boric, rearticulaci\u00f3n pol\u00edtica al interior del futuro bloque oficialista. <\/p>\n\n\n<div style=\"width: 640px;\" class=\"wp-video\"><video class=\"wp-video-shortcode\" id=\"video-6329-1\" width=\"640\" height=\"360\" preload=\"metadata\" controls=\"controls\"><source type=\"video\/mp4\" src=\"https:\/\/conectamedia.s3.amazonaws.com\/61f9de1f386d77a97943b1a3.mp4?_=1\" \/><a href=\"https:\/\/conectamedia.s3.amazonaws.com\/61f9de1f386d77a97943b1a3.mp4\">https:\/\/conectamedia.s3.amazonaws.com\/61f9de1f386d77a97943b1a3.mp4<\/a><\/video><\/div>","protected":false},"excerpt":{"rendered":"<p>Medio: CNN<\/p>\n","protected":false},"author":22,"featured_media":5951,"comment_status":"open","ping_status":"open","sticky":false,"template":"","format":"standard","meta":{"footnotes":""},"categories":[10162],"tags":[],"class_list":["post-6329","post","type-post","status-publish","format-standard","has-post-thumbnail","hentry","category-centro-en-la-prensa"],"featured_image_url":"https:\/\/gobierno.udd.cl\/cpp\/files\/2020\/10\/Dise\u00f1o-sin-t\u00edtulo-17.png","_links":{"self":[{"href":"https:\/\/gobierno.udd.cl\/cpp\/wp-json\/wp\/v2\/posts\/6329","targetHints":{"allow":["GET"]}}],"collection":[{"href":"https:\/\/gobierno.udd.cl\/cpp\/wp-json\/wp\/v2\/posts"}],"about":[{"href":"https:\/\/gobierno.udd.cl\/cpp\/wp-json\/wp\/v2\/types\/post"}],"author":[{"embeddable":true,"href":"https:\/\/gobierno.udd.cl\/cpp\/wp-json\/wp\/v2\/users\/22"}],"replies":[{"embeddable":true,"href":"https:\/\/gobierno.udd.cl\/cpp\/wp-json\/wp\/v2\/comments?post=6329"}],"version-history":[{"count":1,"href":"https:\/\/gobierno.udd.cl\/cpp\/wp-json\/wp\/v2\/posts\/6329\/revisions"}],"predecessor-version":[{"id":6330,"href":"https:\/\/gobierno.udd.cl\/cpp\/wp-json\/wp\/v2\/posts\/6329\/revisions\/6330"}],"wp:featuredmedia":[{"embeddable":true,"href":"https:\/\/gobierno.udd.cl\/cpp\/wp-json\/wp\/v2\/media\/5951"}],"wp:attachment":[{"href":"https:\/\/gobierno.udd.cl\/cpp\/wp-json\/wp\/v2\/media?parent=6329"}],"wp:term":[{"taxonomy":"category","embeddable":true,"href":"https:\/\/gobierno.udd.cl\/cpp\/wp-json\/wp\/v2\/categories?post=6329"},{"taxonomy":"post_tag","embeddable":true,"href":"https:\/\/gobierno.udd.cl\/cpp\/wp-json\/wp\/v2\/tags?post=6329"}],"curies":[{"name":"wp","href":"https:\/\/api.w.org\/{rel}","templated":true}]}}