{"id":6327,"date":"2022-02-01T17:05:00","date_gmt":"2022-02-01T20:05:00","guid":{"rendered":"http:\/\/gobierno.udd.cl\/cpp\/?p=6327"},"modified":"2022-02-28T17:19:08","modified_gmt":"2022-02-28T20:19:08","slug":"gonzalo-muller-el-pc-crece-mucho-en-influencia-y-poder-quedandose-con-las-subsecretarias-emblematicas","status":"publish","type":"post","link":"https:\/\/gobierno.udd.cl\/cpp\/noticias\/2022\/02\/01\/gonzalo-muller-el-pc-crece-mucho-en-influencia-y-poder-quedandose-con-las-subsecretarias-emblematicas\/","title":{"rendered":"Gonzalo M\u00fcller: \u00abEl PC crece mucho en influencia y poder, qued\u00e1ndose con las subsecretar\u00edas emblem\u00e1ticas\u00bb"},"content":{"rendered":"\n<p>\u201cLa se\u00f1al de moderaci\u00f3n que se quiso transmitir con los ministros se debilita con estos nombramientos\u201d, dice el analista pol\u00edtico Gonzalo M\u00fcller, director del Centro de Pol\u00edticas P\u00fablicas de la UDD. <\/p>\n\n\n\n<p>\u201cLa libertad que tuvo el Presidente electo para nombrar a sus ministros parece que se redujo bastante al nombrar a los subsecretarios. Las compensaciones se hacen evidentes a los reclamos del PC y otras fuerzas de izquierda\u201d, sostuvo.<\/p>\n\n\n\n<p>Revisa la nota completa <a href=\"https:\/\/www.ex-ante.cl\/gonzalo-muller-el-pc-crece-mucho-en-influencia-y-poder-quedandose-con-las-subsecretarias-emblematicas\/\"><strong>AQU\u00cd<\/strong><\/a><\/p>\n","protected":false},"excerpt":{"rendered":"<p>Medio: Ex Ante<\/p>\n","protected":false},"author":22,"featured_media":6114,"comment_status":"open","ping_status":"open","sticky":false,"template":"","format":"standard","meta":{"footnotes":""},"categories":[10162],"tags":[],"class_list":["post-6327","post","type-post","status-publish","format-standard","has-post-thumbnail","hentry","category-centro-en-la-prensa"],"featured_image_url":"https:\/\/gobierno.udd.cl\/cpp\/files\/2021\/06\/logos-medios-2.png","_links":{"self":[{"href":"https:\/\/gobierno.udd.cl\/cpp\/wp-json\/wp\/v2\/posts\/6327","targetHints":{"allow":["GET"]}}],"collection":[{"href":"https:\/\/gobierno.udd.cl\/cpp\/wp-json\/wp\/v2\/posts"}],"about":[{"href":"https:\/\/gobierno.udd.cl\/cpp\/wp-json\/wp\/v2\/types\/post"}],"author":[{"embeddable":true,"href":"https:\/\/gobierno.udd.cl\/cpp\/wp-json\/wp\/v2\/users\/22"}],"replies":[{"embeddable":true,"href":"https:\/\/gobierno.udd.cl\/cpp\/wp-json\/wp\/v2\/comments?post=6327"}],"version-history":[{"count":2,"href":"https:\/\/gobierno.udd.cl\/cpp\/wp-json\/wp\/v2\/posts\/6327\/revisions"}],"predecessor-version":[{"id":6335,"href":"https:\/\/gobierno.udd.cl\/cpp\/wp-json\/wp\/v2\/posts\/6327\/revisions\/6335"}],"wp:featuredmedia":[{"embeddable":true,"href":"https:\/\/gobierno.udd.cl\/cpp\/wp-json\/wp\/v2\/media\/6114"}],"wp:attachment":[{"href":"https:\/\/gobierno.udd.cl\/cpp\/wp-json\/wp\/v2\/media?parent=6327"}],"wp:term":[{"taxonomy":"category","embeddable":true,"href":"https:\/\/gobierno.udd.cl\/cpp\/wp-json\/wp\/v2\/categories?post=6327"},{"taxonomy":"post_tag","embeddable":true,"href":"https:\/\/gobierno.udd.cl\/cpp\/wp-json\/wp\/v2\/tags?post=6327"}],"curies":[{"name":"wp","href":"https:\/\/api.w.org\/{rel}","templated":true}]}}