{"id":6297,"date":"2022-01-20T09:44:00","date_gmt":"2022-01-20T12:44:00","guid":{"rendered":"http:\/\/gobierno.udd.cl\/cpp\/?p=6297"},"modified":"2022-01-25T09:45:34","modified_gmt":"2022-01-25T12:45:34","slug":"toda-la-logica-discursiva-y-de-imagenes-del-estallido-se-desvanece-en-este-gabinete","status":"publish","type":"post","link":"https:\/\/gobierno.udd.cl\/cpp\/noticias\/2022\/01\/20\/toda-la-logica-discursiva-y-de-imagenes-del-estallido-se-desvanece-en-este-gabinete\/","title":{"rendered":"\u201cToda la l\u00f3gica discursiva y de im\u00e1genes del estallido se desvanece en este gabinete\u201d"},"content":{"rendered":"\n<p>El Presidente Boric privilegi\u00f3 amistad, cercan\u00eda, en el equipo pol\u00edtico de La Moneda, y equilibrios de distinta clase en el resto del gabinete. Tuvo el valor de elegir a Mario Marcel en Hacienda, lo que va a generar desafecci\u00f3n en la izquierda m\u00e1s dura, pero est\u00e1 en sinton\u00eda con su discurso de segunda vuelta. Toda la l\u00f3gica discursiva y de im\u00e1genes del estallido se desvanece en este gabinete. No hay pueblos originarios ni dirigentes de movimientos sociales. La ret\u00f3rica de la lucha de clases cede ante el discurso socialdem\u00f3crata.<\/p>\n\n\n\n<p><strong>-Luego de que Teillier declarara que el prop\u00f3sito del gobierno es cumplir el programa, Camila Vallejo dijo que hay un compromiso irrestricto en el gabinete con el programa. \u00bfEl PC ser\u00e1 un aliado inc\u00f3modo, con su insistencia en cumplir las promesas de campa\u00f1a, es especial de primera vuelta?<\/strong><\/p>\n\n\n\n<p>-Ser\u00e1 interesante el cambio en Camila Vallejo, ahora que deber\u00e1 hablar a nombre del futuro Gobierno y no como parte del Partido Comunista. Se va hacer cada vez m\u00e1s evidente que la forma en que se va a cumplir el programa del Presidente Boric, estar\u00e1 m\u00e1s cerca de Marcel que de Teiller y Jadue.<\/p>\n\n\n\n<p><strong>-Marcel ha sido celebrado por el mercado y los empresarios. \u00bfHabr\u00e1 una fricci\u00f3n entre Hacienda y las tendencias radicales de Apruebo Dignidad?<\/strong><\/p>\n\n\n\n<p>-Mario Marcel es uno de los grandes aciertos del futuro gabinete del Presidente Boric. Aunque en el pasado como diputado, Boric nunca le hizo caso al entonces presidente del Banco Central, con su nombramiento ahora como Ministro de Hacienda da una se\u00f1al de tranquilidad para los mercados y de profunda molestia entre los populistas y radicales de izquierda. Marcel representa que los 30 a\u00f1os, tan vilipendiados por la izquierda,&nbsp; siguen al mando de la econom\u00eda.<\/p>\n\n\n\n<p><strong>-Izkia Siches es la primera ministra del Interior. Hereda probablemente la cartera m\u00e1s presionada: delincuencia, seguridad, conflicto en La Araucan\u00eda. \u00bfTiene el liderazgo necesario para encabezar esa cartera?<\/strong><\/p>\n\n\n\n<p>-Izkia Siches es sin duda una de las apuestas m\u00e1s riesgosas del gabinete. Siches demostr\u00f3 mucho talento pol\u00edtico en la conducci\u00f3n de la segunda vuelta presidencial. Eso y su cercan\u00eda con el Presidente Boric la transformaron en una carta posible para Interior, sin embargo ahora tendr\u00e1 que lidiar como jefa pol\u00edtica del gobierno con los partidos de una coalici\u00f3n amplia pero fr\u00e1gil. Siches debe a su vez tomar r\u00e1pidamente la decisi\u00f3n de si ser\u00e1 una ministra del interior m\u00e1s pol\u00edtica o m\u00e1s dedicada a la seguridad p\u00fablica. Mi apuesta es que ser\u00e1 lo primero. Delegando las crisis de delincuencia, migraci\u00f3n y La Araucan\u00eda en los subsecretarios. No olvidemos que ella es una de las cartas presidenciables en el futuro gabinete.<\/p>\n\n\n\n<p><strong>-Boric ha dise\u00f1ado un comit\u00e9 pol\u00edtico con ministros de gran cercan\u00eda personal y pol\u00edtica. \u00bfGiorgio Jackson podr\u00eda tener un rol articulador como lo fue B\u00f6eninger con Aylwin?<\/strong><\/p>\n\n\n\n<p>-Giorgio Jackson asumi\u00f3 el rol m\u00e1s complejo dentro del equipo pol\u00edtico: la relaci\u00f3n con un Congreso dividido. Es justamente en el parlamento donde la futura oposici\u00f3n de derecha tiene m\u00e1s fuerza pol\u00edtica, y donde Giorgio Jackson, a pesar de sus 8 a\u00f1os como diputado, tiene hasta ahora pocos puentes.&nbsp; Si quiere emular a B\u00f6eninger este es quiz\u00e1s su principal obst\u00e1culo. A esto se agrega que Apruebo Dignidad, aun sumando a socialistas y PPD, no tiene mayor\u00eda en ninguna de las c\u00e1maras por s\u00ed misma. As\u00ed el futuro ministro Segpres&nbsp; Jackson deber\u00e1 elegir si alcanza acuerdos amplios con Chile Vamos, o busca coincidencias entre el mosaico de minor\u00edas que dominan las izquierdas en el Congreso<\/p>\n\n\n\n<p><strong>-Al comit\u00e9 pol\u00edtico entrar\u00e1 la ministra de la Mujer. Habr\u00e1 mayor\u00eda femenina. \u00bfEs s\u00f3lo una decisi\u00f3n simb\u00f3lica o tiene una relaci\u00f3n estrat\u00e9gica?<\/strong><\/p>\n\n\n\n<p>-Es totalmente estrat\u00e9gico y una se\u00f1al hacia el electorado que lo llev\u00f3 a la presidencia. Las mujeres fueron decisivas en la elecci\u00f3n del Presidente Boric.&nbsp; As\u00ed se entiende que tanto la designaci\u00f3n de una Ministra de la Mujer muy cercana y de su partido, Convergencia Social, como lo es Antonia Orellana, implique adem\u00e1s que sea incorporada al comit\u00e9 pol\u00edtico de la Moneda<\/p>\n\n\n\n<p><strong>-Otro puesto de alta carga simb\u00f3lica es Maya Fern\u00e1ndez, nieta de Allende, en Defensa. \u00bfQu\u00e9 significa en t\u00e9rminos hist\u00f3ricos? \u00bfEs un fin de ciclo en las FFAA?<\/strong><\/p>\n\n\n\n<p>-No es ni la primera mujer ni la primera socialista, sino la tercera despu\u00e9s de Bachelet y Blanlot. Aunque las dos primeras estaban vinculadas familiarmente a las fuerzas armadas. Maya Fern\u00e1ndez por ser nieta del ex presidente Allende en lo simb\u00f3lico es una se\u00f1al de fin de ciclo, pero lo relevante es la confianza y trabajo que logre con las FFAA como ministra. Eso realmente marcar\u00e1 su gesti\u00f3n.<\/p>\n\n\n\n<p><strong>-El Partido Socialista tiene dos ministros, Fern\u00e1ndez y Montes, sin mencionar que Marcel es ex militante y Antonia Urrejola independiente cercana al PS. \u00bfSer\u00e1 uno de los ejes del gobierno de Boric?<\/strong><\/p>\n\n\n\n<p>-\u00c1lvaro Elizalde le puso un precio alto a la incorporaci\u00f3n del PS al gobierno del Presidente Boric, eso se nota no solo en sus ministros, sino en que adem\u00e1s logra incorporar al PPD, PRSD y Liberales. Al mismo tiempo con Elizalde, el PS pasa a ser un partido eje de este gobierno, y asumir\u00e1 por lo mismo sus \u00e9xitos y fracasos. El efecto pol\u00edtico de esta decisi\u00f3n es que la centroizquierda renuncia a ser algo distinto al Frente Amplio, al mismo tiempo que deja abandonada a su ex socia la DC.<\/p>\n\n\n\n<p><strong>-La ministra m\u00e1s joven tiene 32 y el mayor, 75, el promedio es de 39. Son 14 mujeres y 10 hombres. \u00bfQu\u00e9 importancia tiene esta diversidad en comparaci\u00f3n con los gabinetes de Pi\u00f1era?<\/strong><\/p>\n\n\n\n<p>-Hay claras diferencias pero tambi\u00e9n similitudes en la manera como los Presidentes Pi\u00f1era y\u00a0 Boric han elegido a su primer gabinete. La diversidad de or\u00edgenes y la juventud cuadran con la demanda de mayor renovaci\u00f3n de la pol\u00edtica en general. Lo mismo que el mayor n\u00famero de mujeres, sin duda que el voto femenino fue la explicaci\u00f3n de por qu\u00e9 gan\u00f3 en segunda vuelta y ese fue un eje en la designaci\u00f3n del gabinete del Presidente Boric y que lo diferencia de la l\u00f3gica de Pi\u00f1era. Aunque se parecen en que se mantiene cierto cuoteo o equilibrio entre los partidos, y que la variable cercan\u00eda con el presidente explique varias de las designaciones ministeriales.<\/p>\n\n\n\n<p>Versi\u00f3n original <a href=\"https:\/\/www.ex-ante.cl\/gonzalo-muller-toda-la-logica-discursiva-y-de-imagenes-del-estallido-se-desvanece-en-este-gabinete\/\"><strong>AQU\u00cd<\/strong><\/a><\/p>\n","protected":false},"excerpt":{"rendered":"<p>Entrevista a Gonzalo M\u00fcller, director del Centro de Pol\u00edticas P\u00fablicas UDD. <\/p>\n<p>Medio: Ex-Ante<\/p>\n","protected":false},"author":22,"featured_media":6114,"comment_status":"open","ping_status":"open","sticky":false,"template":"","format":"standard","meta":{"footnotes":""},"categories":[10162],"tags":[],"class_list":["post-6297","post","type-post","status-publish","format-standard","has-post-thumbnail","hentry","category-centro-en-la-prensa"],"featured_image_url":"https:\/\/gobierno.udd.cl\/cpp\/files\/2021\/06\/logos-medios-2.png","_links":{"self":[{"href":"https:\/\/gobierno.udd.cl\/cpp\/wp-json\/wp\/v2\/posts\/6297","targetHints":{"allow":["GET"]}}],"collection":[{"href":"https:\/\/gobierno.udd.cl\/cpp\/wp-json\/wp\/v2\/posts"}],"about":[{"href":"https:\/\/gobierno.udd.cl\/cpp\/wp-json\/wp\/v2\/types\/post"}],"author":[{"embeddable":true,"href":"https:\/\/gobierno.udd.cl\/cpp\/wp-json\/wp\/v2\/users\/22"}],"replies":[{"embeddable":true,"href":"https:\/\/gobierno.udd.cl\/cpp\/wp-json\/wp\/v2\/comments?post=6297"}],"version-history":[{"count":1,"href":"https:\/\/gobierno.udd.cl\/cpp\/wp-json\/wp\/v2\/posts\/6297\/revisions"}],"predecessor-version":[{"id":6298,"href":"https:\/\/gobierno.udd.cl\/cpp\/wp-json\/wp\/v2\/posts\/6297\/revisions\/6298"}],"wp:featuredmedia":[{"embeddable":true,"href":"https:\/\/gobierno.udd.cl\/cpp\/wp-json\/wp\/v2\/media\/6114"}],"wp:attachment":[{"href":"https:\/\/gobierno.udd.cl\/cpp\/wp-json\/wp\/v2\/media?parent=6297"}],"wp:term":[{"taxonomy":"category","embeddable":true,"href":"https:\/\/gobierno.udd.cl\/cpp\/wp-json\/wp\/v2\/categories?post=6297"},{"taxonomy":"post_tag","embeddable":true,"href":"https:\/\/gobierno.udd.cl\/cpp\/wp-json\/wp\/v2\/tags?post=6297"}],"curies":[{"name":"wp","href":"https:\/\/api.w.org\/{rel}","templated":true}]}}