{"id":6266,"date":"2021-12-15T18:35:00","date_gmt":"2021-12-15T21:35:00","guid":{"rendered":"http:\/\/gobierno.udd.cl\/cpp\/?p=6266"},"modified":"2021-12-23T18:36:27","modified_gmt":"2021-12-23T21:36:27","slug":"como-esta-la-democracia-en-america-latina","status":"publish","type":"post","link":"https:\/\/gobierno.udd.cl\/cpp\/noticias\/2021\/12\/15\/como-esta-la-democracia-en-america-latina\/","title":{"rendered":"\u00bfC\u00f3mo est\u00e1 la democracia en Am\u00e9rica Latina?"},"content":{"rendered":"\n<p> Expertos conversan y analizan el panorama pol\u00edtico en Am\u00e9rica Latina.<\/p>\n\n\n<div style=\"width: 640px;\" class=\"wp-video\"><video class=\"wp-video-shortcode\" id=\"video-6266-1\" width=\"640\" height=\"360\" preload=\"metadata\" controls=\"controls\"><source type=\"video\/mp4\" src=\"https:\/\/conectamedia.s3.amazonaws.com\/0d1f2109817c5c08ecec8909dbbde2fe_manual.mp4?_=1\" \/><a href=\"https:\/\/conectamedia.s3.amazonaws.com\/0d1f2109817c5c08ecec8909dbbde2fe_manual.mp4\">https:\/\/conectamedia.s3.amazonaws.com\/0d1f2109817c5c08ecec8909dbbde2fe_manual.mp4<\/a><\/video><\/div>","protected":false},"excerpt":{"rendered":"<p>Entrevista a Gonzalo M\u00fcller, director del Centro de Pol\u00edticas P\u00fablicas UDD.<br \/>\nMedio: Canal Capital (Colombia)<\/p>\n","protected":false},"author":22,"featured_media":6267,"comment_status":"open","ping_status":"open","sticky":false,"template":"","format":"standard","meta":{"footnotes":""},"categories":[10162],"tags":[],"class_list":["post-6266","post","type-post","status-publish","format-standard","has-post-thumbnail","hentry","category-centro-en-la-prensa"],"featured_image_url":"https:\/\/gobierno.udd.cl\/cpp\/files\/2021\/12\/logos-medios.png","_links":{"self":[{"href":"https:\/\/gobierno.udd.cl\/cpp\/wp-json\/wp\/v2\/posts\/6266","targetHints":{"allow":["GET"]}}],"collection":[{"href":"https:\/\/gobierno.udd.cl\/cpp\/wp-json\/wp\/v2\/posts"}],"about":[{"href":"https:\/\/gobierno.udd.cl\/cpp\/wp-json\/wp\/v2\/types\/post"}],"author":[{"embeddable":true,"href":"https:\/\/gobierno.udd.cl\/cpp\/wp-json\/wp\/v2\/users\/22"}],"replies":[{"embeddable":true,"href":"https:\/\/gobierno.udd.cl\/cpp\/wp-json\/wp\/v2\/comments?post=6266"}],"version-history":[{"count":1,"href":"https:\/\/gobierno.udd.cl\/cpp\/wp-json\/wp\/v2\/posts\/6266\/revisions"}],"predecessor-version":[{"id":6268,"href":"https:\/\/gobierno.udd.cl\/cpp\/wp-json\/wp\/v2\/posts\/6266\/revisions\/6268"}],"wp:featuredmedia":[{"embeddable":true,"href":"https:\/\/gobierno.udd.cl\/cpp\/wp-json\/wp\/v2\/media\/6267"}],"wp:attachment":[{"href":"https:\/\/gobierno.udd.cl\/cpp\/wp-json\/wp\/v2\/media?parent=6266"}],"wp:term":[{"taxonomy":"category","embeddable":true,"href":"https:\/\/gobierno.udd.cl\/cpp\/wp-json\/wp\/v2\/categories?post=6266"},{"taxonomy":"post_tag","embeddable":true,"href":"https:\/\/gobierno.udd.cl\/cpp\/wp-json\/wp\/v2\/tags?post=6266"}],"curies":[{"name":"wp","href":"https:\/\/api.w.org\/{rel}","templated":true}]}}