{"id":625,"date":"2014-08-22T18:35:37","date_gmt":"2014-08-22T22:35:37","guid":{"rendered":"http:\/\/gobierno.udd.cl\/cpp\/?p=625"},"modified":"2015-01-25T18:43:14","modified_gmt":"2015-01-25T21:43:14","slug":"la-esquiva-legitimidad-por-gonzalo-muller","status":"publish","type":"post","link":"https:\/\/gobierno.udd.cl\/cpp\/noticias\/2014\/08\/22\/la-esquiva-legitimidad-por-gonzalo-muller\/","title":{"rendered":"\u00abLA ESQUIVA LEGITIMIDAD\u00bb POR GONZALO M\u00dcLLER"},"content":{"rendered":"<p style=\"text-align: justify;\">El Gobierno ha presentado una reforma al sistema electoral binominal, como una forma de aumentar la legitimidad del sistema pol\u00edtico y especialmente del Congreso Nacional.<\/p>\n<p style=\"text-align: justify;\">As\u00ed conocimos la propuesta liderada por el propio Ministro del Interior Rodrigo Pe\u00f1ailillo que inici\u00f3 primero negociaciones al interior del oficialismo y luego acord\u00f3 un entendimiento con el movimiento Amplitud que le aseguraba contar con los votos para aprobar la reforma.<\/p>\n<p style=\"text-align: justify;\">Hasta aqu\u00ed todo iba bien para las intenciones del gobierno y del propio Ministro.<\/p>\n<p style=\"text-align: justify;\">Pero, tanto el fuerte aumento de parlamentarios, 47 nuevos cargos, como el considerable costo de 13 mil millones de pesos estimado por un informe de la biblioteca del propio Congreso, han generado una fuerte oposici\u00f3n social, de acuerdo a la encuesta UDD-EI Sur en la Regi\u00f3n del B\u00edo B\u00edo el rechazo es de un abrumador 82 por ciento.<\/p>\n<p style=\"text-align: justify;\">Frente a esto, se entiende que el ministro Pe\u00f1ailillo haya decido reabrir las negociaciones con otros partidos de oposici\u00f3n para disminuir las cr\u00edticas al proyecto. Este estilo de negociaci\u00f3n caso a caso, donde cada interesado pide lo que considera de su inter\u00e9s, puede terminar atentando contra el principal motivo de la reforma; ganar legitimidad.<\/p>\n<p style=\"text-align: justify;\">Si esta importante reforma electoral termina asignando diputados y senadores de acuerdo a los intereses de los partidos que participen de la negociaci\u00f3n, y desoyendo el rechazo que generan el aumento de parlamentarios y el mayor costo, ser\u00e1 muy dif\u00edcil que sea recibida por la ciudadan\u00eda como una mejora capaz de contribuir a una mayor legitimidad de nuestro sistema pol\u00edtico.<\/p>\n","protected":false},"excerpt":{"rendered":"<p>El Gobierno ha presentado una reforma al sistema electoral binominal, como una forma de aumentar la legitimidad del sistema pol\u00edtico y especialmente del Congreso Nacional. As\u00ed conocimos la propuesta liderada por el propio Ministro del Interior Rodrigo Pe\u00f1ailillo que inici\u00f3 primero negociaciones al interior del oficialismo y luego acord\u00f3 un entendimiento con el movimiento Amplitud [&hellip;]<\/p>\n","protected":false},"author":22,"featured_media":450,"comment_status":"open","ping_status":"open","sticky":false,"template":"","format":"standard","meta":{"footnotes":""},"categories":[7405],"tags":[],"class_list":["post-625","post","type-post","status-publish","format-standard","has-post-thumbnail","hentry","category-columnas-de-opinion-elecciones-udd"],"featured_image_url":"https:\/\/gobierno.udd.cl\/cpp\/files\/2014\/05\/gonzalo_muller.jpg","_links":{"self":[{"href":"https:\/\/gobierno.udd.cl\/cpp\/wp-json\/wp\/v2\/posts\/625","targetHints":{"allow":["GET"]}}],"collection":[{"href":"https:\/\/gobierno.udd.cl\/cpp\/wp-json\/wp\/v2\/posts"}],"about":[{"href":"https:\/\/gobierno.udd.cl\/cpp\/wp-json\/wp\/v2\/types\/post"}],"author":[{"embeddable":true,"href":"https:\/\/gobierno.udd.cl\/cpp\/wp-json\/wp\/v2\/users\/22"}],"replies":[{"embeddable":true,"href":"https:\/\/gobierno.udd.cl\/cpp\/wp-json\/wp\/v2\/comments?post=625"}],"version-history":[{"count":4,"href":"https:\/\/gobierno.udd.cl\/cpp\/wp-json\/wp\/v2\/posts\/625\/revisions"}],"predecessor-version":[{"id":635,"href":"https:\/\/gobierno.udd.cl\/cpp\/wp-json\/wp\/v2\/posts\/625\/revisions\/635"}],"wp:featuredmedia":[{"embeddable":true,"href":"https:\/\/gobierno.udd.cl\/cpp\/wp-json\/wp\/v2\/media\/450"}],"wp:attachment":[{"href":"https:\/\/gobierno.udd.cl\/cpp\/wp-json\/wp\/v2\/media?parent=625"}],"wp:term":[{"taxonomy":"category","embeddable":true,"href":"https:\/\/gobierno.udd.cl\/cpp\/wp-json\/wp\/v2\/categories?post=625"},{"taxonomy":"post_tag","embeddable":true,"href":"https:\/\/gobierno.udd.cl\/cpp\/wp-json\/wp\/v2\/tags?post=625"}],"curies":[{"name":"wp","href":"https:\/\/api.w.org\/{rel}","templated":true}]}}