{"id":6230,"date":"2021-11-18T12:09:00","date_gmt":"2021-11-18T15:09:00","guid":{"rendered":"http:\/\/gobierno.udd.cl\/cpp\/?p=6230"},"modified":"2021-11-29T12:11:31","modified_gmt":"2021-11-29T15:11:31","slug":"claves-para-entender-las-elecciones-presidenciales-en-chile","status":"publish","type":"post","link":"https:\/\/gobierno.udd.cl\/cpp\/noticias\/2021\/11\/18\/claves-para-entender-las-elecciones-presidenciales-en-chile\/","title":{"rendered":"Claves para entender las elecciones presidenciales en Chile"},"content":{"rendered":"\n<p>Chile asiste a elecciones presidenciales hist\u00f3ricas por la coyuntura en la que tienen lugar: una convenci\u00f3n constitucional que est\u00e1 avanzando y de la que saldr\u00e1 una nueva Carta Magna; un malestar en la ciudadan\u00eda que llev\u00f3 a un estallido social y al estado de excepci\u00f3n; un presidente que acaba de sortear un segundo intento de juicio pol\u00edtico; una recuperaci\u00f3n econ\u00f3mica post confinamiento y el cierre de fronteras debido a la pandemia de Covid-19 \u00bfQu\u00e9 pasar\u00e1 en las urnas? <\/p>\n\n\n<div style=\"width: 640px;\" class=\"wp-video\"><video class=\"wp-video-shortcode\" id=\"video-6230-1\" width=\"640\" height=\"360\" preload=\"metadata\" controls=\"controls\"><source type=\"video\/mp4\" src=\"https:\/\/conectamedia.s3.amazonaws.com\/afd2fc97f03301c2b80869d651b6a912_manual.mp4?_=1\" \/><a href=\"https:\/\/conectamedia.s3.amazonaws.com\/afd2fc97f03301c2b80869d651b6a912_manual.mp4\">https:\/\/conectamedia.s3.amazonaws.com\/afd2fc97f03301c2b80869d651b6a912_manual.mp4<\/a><\/video><\/div>","protected":false},"excerpt":{"rendered":"<p>An\u00e1lisis de Gonzalo M\u00fcller, director del Centro de Pol\u00edticas P\u00fablicas UDD. <\/p>\n","protected":false},"author":22,"featured_media":6232,"comment_status":"open","ping_status":"open","sticky":false,"template":"","format":"standard","meta":{"footnotes":""},"categories":[10162],"tags":[],"class_list":["post-6230","post","type-post","status-publish","format-standard","has-post-thumbnail","hentry","category-centro-en-la-prensa"],"featured_image_url":"https:\/\/gobierno.udd.cl\/cpp\/files\/2021\/11\/logos-medios-1.png","_links":{"self":[{"href":"https:\/\/gobierno.udd.cl\/cpp\/wp-json\/wp\/v2\/posts\/6230","targetHints":{"allow":["GET"]}}],"collection":[{"href":"https:\/\/gobierno.udd.cl\/cpp\/wp-json\/wp\/v2\/posts"}],"about":[{"href":"https:\/\/gobierno.udd.cl\/cpp\/wp-json\/wp\/v2\/types\/post"}],"author":[{"embeddable":true,"href":"https:\/\/gobierno.udd.cl\/cpp\/wp-json\/wp\/v2\/users\/22"}],"replies":[{"embeddable":true,"href":"https:\/\/gobierno.udd.cl\/cpp\/wp-json\/wp\/v2\/comments?post=6230"}],"version-history":[{"count":2,"href":"https:\/\/gobierno.udd.cl\/cpp\/wp-json\/wp\/v2\/posts\/6230\/revisions"}],"predecessor-version":[{"id":6233,"href":"https:\/\/gobierno.udd.cl\/cpp\/wp-json\/wp\/v2\/posts\/6230\/revisions\/6233"}],"wp:featuredmedia":[{"embeddable":true,"href":"https:\/\/gobierno.udd.cl\/cpp\/wp-json\/wp\/v2\/media\/6232"}],"wp:attachment":[{"href":"https:\/\/gobierno.udd.cl\/cpp\/wp-json\/wp\/v2\/media?parent=6230"}],"wp:term":[{"taxonomy":"category","embeddable":true,"href":"https:\/\/gobierno.udd.cl\/cpp\/wp-json\/wp\/v2\/categories?post=6230"},{"taxonomy":"post_tag","embeddable":true,"href":"https:\/\/gobierno.udd.cl\/cpp\/wp-json\/wp\/v2\/tags?post=6230"}],"curies":[{"name":"wp","href":"https:\/\/api.w.org\/{rel}","templated":true}]}}