{"id":6222,"date":"2021-11-15T16:00:00","date_gmt":"2021-11-15T19:00:00","guid":{"rendered":"http:\/\/gobierno.udd.cl\/cpp\/?p=6222"},"modified":"2021-11-23T16:01:06","modified_gmt":"2021-11-23T19:01:06","slug":"candidatos-se-enfrentaran-en-debate-presidencial","status":"publish","type":"post","link":"https:\/\/gobierno.udd.cl\/cpp\/noticias\/2021\/11\/15\/candidatos-se-enfrentaran-en-debate-presidencial\/","title":{"rendered":"Candidatos se enfrentar\u00e1n en debate presidencial"},"content":{"rendered":"\n<p>Existe alrededor de un mill\u00f3n de personas mayores de 60 a\u00f1os que no ha ido a votar en las \u00faltimas elecciones y hay un 20% de indecisos. <\/p>\n\n\n<div style=\"width: 640px;\" class=\"wp-video\"><video class=\"wp-video-shortcode\" id=\"video-6222-1\" width=\"640\" height=\"360\" preload=\"metadata\" controls=\"controls\"><source type=\"video\/mp4\" src=\"https:\/\/conectamedia.s3.amazonaws.com\/6192c08aa8f8f72fb5d3dd35.mp4?_=1\" \/><a href=\"https:\/\/conectamedia.s3.amazonaws.com\/6192c08aa8f8f72fb5d3dd35.mp4\">https:\/\/conectamedia.s3.amazonaws.com\/6192c08aa8f8f72fb5d3dd35.mp4<\/a><\/video><\/div>","protected":false},"excerpt":{"rendered":"<p>Existe alrededor de un mill\u00f3n de personas mayores de 60 a\u00f1os que no ha ido a votar en las \u00faltimas elecciones y hay un 20% de indecisos.<\/p>\n","protected":false},"author":22,"featured_media":5951,"comment_status":"open","ping_status":"open","sticky":false,"template":"","format":"standard","meta":{"footnotes":""},"categories":[10162],"tags":[],"class_list":["post-6222","post","type-post","status-publish","format-standard","has-post-thumbnail","hentry","category-centro-en-la-prensa"],"featured_image_url":"https:\/\/gobierno.udd.cl\/cpp\/files\/2020\/10\/Dise\u00f1o-sin-t\u00edtulo-17.png","_links":{"self":[{"href":"https:\/\/gobierno.udd.cl\/cpp\/wp-json\/wp\/v2\/posts\/6222","targetHints":{"allow":["GET"]}}],"collection":[{"href":"https:\/\/gobierno.udd.cl\/cpp\/wp-json\/wp\/v2\/posts"}],"about":[{"href":"https:\/\/gobierno.udd.cl\/cpp\/wp-json\/wp\/v2\/types\/post"}],"author":[{"embeddable":true,"href":"https:\/\/gobierno.udd.cl\/cpp\/wp-json\/wp\/v2\/users\/22"}],"replies":[{"embeddable":true,"href":"https:\/\/gobierno.udd.cl\/cpp\/wp-json\/wp\/v2\/comments?post=6222"}],"version-history":[{"count":1,"href":"https:\/\/gobierno.udd.cl\/cpp\/wp-json\/wp\/v2\/posts\/6222\/revisions"}],"predecessor-version":[{"id":6223,"href":"https:\/\/gobierno.udd.cl\/cpp\/wp-json\/wp\/v2\/posts\/6222\/revisions\/6223"}],"wp:featuredmedia":[{"embeddable":true,"href":"https:\/\/gobierno.udd.cl\/cpp\/wp-json\/wp\/v2\/media\/5951"}],"wp:attachment":[{"href":"https:\/\/gobierno.udd.cl\/cpp\/wp-json\/wp\/v2\/media?parent=6222"}],"wp:term":[{"taxonomy":"category","embeddable":true,"href":"https:\/\/gobierno.udd.cl\/cpp\/wp-json\/wp\/v2\/categories?post=6222"},{"taxonomy":"post_tag","embeddable":true,"href":"https:\/\/gobierno.udd.cl\/cpp\/wp-json\/wp\/v2\/tags?post=6222"}],"curies":[{"name":"wp","href":"https:\/\/api.w.org\/{rel}","templated":true}]}}