{"id":620,"date":"2014-08-22T18:33:22","date_gmt":"2014-08-22T22:33:22","guid":{"rendered":"http:\/\/gobierno.udd.cl\/cpp\/?p=620"},"modified":"2015-01-25T18:34:40","modified_gmt":"2015-01-25T21:34:40","slug":"en-que-falla-la-reforma-electoral-por-gonzalo-muller","status":"publish","type":"post","link":"https:\/\/gobierno.udd.cl\/cpp\/noticias\/2014\/08\/22\/en-que-falla-la-reforma-electoral-por-gonzalo-muller\/","title":{"rendered":"\u00ab\u00bfEN QU\u00c9 FALLA LA REFORMA ELECTORAL?\u00bb POR GONZALO M\u00dcLLER"},"content":{"rendered":"<p style=\"text-align: justify;\">El Gobierno ha presentado y est\u00e1 tramitando en el Congreso una reforma electoral para reemplazar al actual sistema binominal. Este nuevo sistema tiene como objetivos declarados mejorar la igualdad del voto y abrir espacio a una mayor diversidad de fuerzas representadas en el Parlamento, todo esto como medios para alcanzar una mayor legitimidad ciudadana. Pero al revisar si la propuesta del gobierno cumple con lo que promete, nos damos cuenta de que comete al menos tres errores que dificultan o impiden que alcance un mayor consenso y apoyo. Primer error: \u201cS\u00f3lo se puede avanzar en proporcionalidad con un aumento importante de parlamentarios\u201d.<\/p>\n<p style=\"text-align: justify;\">El gobierno propone el aumento de 47 nuevos parlamentarios, 35 diputados y 12 senadores. Sin duda, esta es la cara menos popular de la reforma, ya que en todas las encuestas una amplia mayor\u00eda de los ciudadanos rechaza el aumento, pero, adem\u00e1s, esta afirmaci\u00f3n se contradice con varios estudios como el hecho por la Facultad de Gobierno de la UDD, que demuestran que se puede mejorar en proporcionalidad, es decir, la relaci\u00f3n entre el porcentaje de votos obtenidos y los cargos de representaci\u00f3n asignados, sin aumentar la cantidad total de cargos a elegir, o haci\u00e9ndolo con una cantidad muy inferior, como lo hace -por ejemplo- el \u00faltimo proyecto de reforma electoral presentado por el ex Presidente Pi\u00f1era o el proyecto surgido del acuerdo DC-RN durante el 2013.<\/p>\n<p style=\"text-align: justify;\">Segundo error: \u201cCreaci\u00f3n de megadistritos\u201d. Al fusionar los actuales distritos electorales para dar paso a la elecci\u00f3n de un n\u00famero que va de tres a ocho diputados, se pasa de 220 mil electores promedio por distrito a 477 mil electores promedio en los nuevos megadistritos. Esto implica un cambio radical en la l\u00f3gica de la elecci\u00f3n y de la campa\u00f1a, pues al duplicar el tama\u00f1o de los distritos se aleja al parlamentario de sus electores, generando una mayor concentraci\u00f3n del poder poh\u2019tico en los grandes centros urbanos desplazando a las regiones y a las comunas peque\u00f1as.<\/p>\n<p style=\"text-align: justify;\">Esto, sumado al mayor costo de las campa\u00f1as y al potenciado efecto de lista, terminan por transformar a estos megadistritos en barreras de entrada para los candidatos de partidos menores o independientes fuera de los grandes pactos.<\/p>\n<p style=\"text-align: justify;\">Tercer error: \u201cNo es un traje a la medida\u201d. Esta acusaci\u00f3n es la principal amenaza a la tan ansiada legitimidad que justifica la reforma. El propio gobierno y sus expertos debieran disipar toda duda al respecto, pero no es f\u00e1cil cuando el proyecto gubernamental propone que para la Regi\u00f3n de Atacama se elijan los mismos cinco diputados que para la Regi\u00f3n de Antofagasta, que casi la duplica en electores, y que, en cambio, la Regi\u00f3n de Tarapac\u00e1 elija s\u00f3lo tres diputados, a pesar de que tiene casi el mismo electorado que la Regi\u00f3n de Atacama, que elige cinco, lo que parece un traje a la medida.<\/p>\n<p style=\"text-align: justify;\">Estos errores debieran ser corregidos en el proyecto si de verdad existe en el gobierno voluntad de un acuerdo lo m\u00e1s amplio posible, que le garantice mayor legitimidad, y no arriesgarse a dejar en manos de unos pocos votos circunstanciales el futuro de esta reforma.<\/p>\n","protected":false},"excerpt":{"rendered":"<p>El Gobierno ha presentado y est\u00e1 tramitando en el Congreso una reforma electoral para reemplazar al actual sistema binominal. Este nuevo sistema tiene como objetivos declarados mejorar la igualdad del voto y abrir espacio a una mayor diversidad de fuerzas representadas en el Parlamento, todo esto como medios para alcanzar una mayor legitimidad ciudadana. Pero [&hellip;]<\/p>\n","protected":false},"author":22,"featured_media":450,"comment_status":"open","ping_status":"open","sticky":false,"template":"","format":"standard","meta":{"footnotes":""},"categories":[7405],"tags":[],"class_list":["post-620","post","type-post","status-publish","format-standard","has-post-thumbnail","hentry","category-columnas-de-opinion-elecciones-udd"],"featured_image_url":"https:\/\/gobierno.udd.cl\/cpp\/files\/2014\/05\/gonzalo_muller.jpg","_links":{"self":[{"href":"https:\/\/gobierno.udd.cl\/cpp\/wp-json\/wp\/v2\/posts\/620","targetHints":{"allow":["GET"]}}],"collection":[{"href":"https:\/\/gobierno.udd.cl\/cpp\/wp-json\/wp\/v2\/posts"}],"about":[{"href":"https:\/\/gobierno.udd.cl\/cpp\/wp-json\/wp\/v2\/types\/post"}],"author":[{"embeddable":true,"href":"https:\/\/gobierno.udd.cl\/cpp\/wp-json\/wp\/v2\/users\/22"}],"replies":[{"embeddable":true,"href":"https:\/\/gobierno.udd.cl\/cpp\/wp-json\/wp\/v2\/comments?post=620"}],"version-history":[{"count":1,"href":"https:\/\/gobierno.udd.cl\/cpp\/wp-json\/wp\/v2\/posts\/620\/revisions"}],"predecessor-version":[{"id":624,"href":"https:\/\/gobierno.udd.cl\/cpp\/wp-json\/wp\/v2\/posts\/620\/revisions\/624"}],"wp:featuredmedia":[{"embeddable":true,"href":"https:\/\/gobierno.udd.cl\/cpp\/wp-json\/wp\/v2\/media\/450"}],"wp:attachment":[{"href":"https:\/\/gobierno.udd.cl\/cpp\/wp-json\/wp\/v2\/media?parent=620"}],"wp:term":[{"taxonomy":"category","embeddable":true,"href":"https:\/\/gobierno.udd.cl\/cpp\/wp-json\/wp\/v2\/categories?post=620"},{"taxonomy":"post_tag","embeddable":true,"href":"https:\/\/gobierno.udd.cl\/cpp\/wp-json\/wp\/v2\/tags?post=620"}],"curies":[{"name":"wp","href":"https:\/\/api.w.org\/{rel}","templated":true}]}}