{"id":6199,"date":"2021-11-01T11:39:00","date_gmt":"2021-11-01T14:39:00","guid":{"rendered":"http:\/\/gobierno.udd.cl\/cpp\/?p=6199"},"modified":"2021-11-08T11:40:07","modified_gmt":"2021-11-08T14:40:07","slug":"tension-sichel-kast-abre-fantasma-de-derrota-parlamentaria-para-chile-vamos","status":"publish","type":"post","link":"https:\/\/gobierno.udd.cl\/cpp\/noticias\/2021\/11\/01\/tension-sichel-kast-abre-fantasma-de-derrota-parlamentaria-para-chile-vamos\/","title":{"rendered":"Tensi\u00f3n Sichel\/Kast abre fantasma de derrota parlamentaria para Chile Vamos"},"content":{"rendered":"\n<p> El distanciamiento entre Sichel y los l\u00edderes de partidos de Chile Vamos signific\u00f3 un desborde por el lado derecho hacia Jos\u00e9 Antonio Kast. <\/p>\n\n\n<div style=\"width: 640px;\" class=\"wp-video\"><video class=\"wp-video-shortcode\" id=\"video-6199-1\" width=\"640\" height=\"360\" preload=\"metadata\" controls=\"controls\"><source type=\"video\/mp4\" src=\"https:\/\/conectamedia.s3.amazonaws.com\/6180aa52a8f8f72326b4bcfe.mp4?_=1\" \/><a href=\"https:\/\/conectamedia.s3.amazonaws.com\/6180aa52a8f8f72326b4bcfe.mp4\">https:\/\/conectamedia.s3.amazonaws.com\/6180aa52a8f8f72326b4bcfe.mp4<\/a><\/video><\/div>","protected":false},"excerpt":{"rendered":"<p>Habla: Gonzalo M\u00fcller, director Centro de Pol\u00edticas P\u00fablicas<\/p>\n","protected":false},"author":22,"featured_media":5935,"comment_status":"open","ping_status":"open","sticky":false,"template":"","format":"standard","meta":{"footnotes":""},"categories":[10162],"tags":[],"class_list":["post-6199","post","type-post","status-publish","format-standard","has-post-thumbnail","hentry","category-centro-en-la-prensa"],"featured_image_url":"https:\/\/gobierno.udd.cl\/cpp\/files\/2020\/11\/Dise\u00f1o-sin-t\u00edtulo-10.png","_links":{"self":[{"href":"https:\/\/gobierno.udd.cl\/cpp\/wp-json\/wp\/v2\/posts\/6199","targetHints":{"allow":["GET"]}}],"collection":[{"href":"https:\/\/gobierno.udd.cl\/cpp\/wp-json\/wp\/v2\/posts"}],"about":[{"href":"https:\/\/gobierno.udd.cl\/cpp\/wp-json\/wp\/v2\/types\/post"}],"author":[{"embeddable":true,"href":"https:\/\/gobierno.udd.cl\/cpp\/wp-json\/wp\/v2\/users\/22"}],"replies":[{"embeddable":true,"href":"https:\/\/gobierno.udd.cl\/cpp\/wp-json\/wp\/v2\/comments?post=6199"}],"version-history":[{"count":1,"href":"https:\/\/gobierno.udd.cl\/cpp\/wp-json\/wp\/v2\/posts\/6199\/revisions"}],"predecessor-version":[{"id":6200,"href":"https:\/\/gobierno.udd.cl\/cpp\/wp-json\/wp\/v2\/posts\/6199\/revisions\/6200"}],"wp:featuredmedia":[{"embeddable":true,"href":"https:\/\/gobierno.udd.cl\/cpp\/wp-json\/wp\/v2\/media\/5935"}],"wp:attachment":[{"href":"https:\/\/gobierno.udd.cl\/cpp\/wp-json\/wp\/v2\/media?parent=6199"}],"wp:term":[{"taxonomy":"category","embeddable":true,"href":"https:\/\/gobierno.udd.cl\/cpp\/wp-json\/wp\/v2\/categories?post=6199"},{"taxonomy":"post_tag","embeddable":true,"href":"https:\/\/gobierno.udd.cl\/cpp\/wp-json\/wp\/v2\/tags?post=6199"}],"curies":[{"name":"wp","href":"https:\/\/api.w.org\/{rel}","templated":true}]}}