{"id":6193,"date":"2021-09-29T13:00:00","date_gmt":"2021-09-29T16:00:00","guid":{"rendered":"http:\/\/gobierno.udd.cl\/cpp\/?p=6193"},"modified":"2021-10-13T13:00:28","modified_gmt":"2021-10-13T16:00:28","slug":"programa-directo-al-grano-22","status":"publish","type":"post","link":"https:\/\/gobierno.udd.cl\/cpp\/noticias\/2021\/09\/29\/programa-directo-al-grano-22\/","title":{"rendered":"Programa \u00abDirecto al grano\u00bb"},"content":{"rendered":"\n<h3 class=\"wp-block-heading\">Debate por el cuarto retiro y despenalizaci\u00f3n del aborto<\/h3>\n\n\n<audio class=\"wp-audio-shortcode\" id=\"audio-6193-1\" preload=\"none\" style=\"width: 100%;\" controls=\"controls\"><source type=\"audio\/mpeg\" src=\"https:\/\/conectamedia.s3.amazonaws.com\/61548d62a8f8f76ae1191303.mp3?_=1\" \/><a href=\"https:\/\/conectamedia.s3.amazonaws.com\/61548d62a8f8f76ae1191303.mp3\">https:\/\/conectamedia.s3.amazonaws.com\/61548d62a8f8f76ae1191303.mp3<\/a><\/audio>\n\n\n<h3 class=\"wp-block-heading\"><strong><br> <\/strong>Aprobaci\u00f3n del cuarto retiro<\/h3>\n\n\n<audio class=\"wp-audio-shortcode\" id=\"audio-6193-2\" preload=\"none\" style=\"width: 100%;\" controls=\"controls\"><source type=\"audio\/mpeg\" src=\"https:\/\/conectamedia.s3.amazonaws.com\/61548fe9a8f8f76aec381f1a.mp3?_=2\" \/><a href=\"https:\/\/conectamedia.s3.amazonaws.com\/61548fe9a8f8f76aec381f1a.mp3\">https:\/\/conectamedia.s3.amazonaws.com\/61548fe9a8f8f76aec381f1a.mp3<\/a><\/audio>\n\n\n<p><strong><br>\n\n<\/strong><\/p>\n","protected":false},"excerpt":{"rendered":"<p>Conduce: Gonzalo M\u00fcller, Director del Centro de Pol\u00edticas P\u00fablicas UDD. <\/p>\n","protected":false},"author":22,"featured_media":5939,"comment_status":"open","ping_status":"open","sticky":false,"template":"","format":"standard","meta":{"footnotes":""},"categories":[10162],"tags":[],"class_list":["post-6193","post","type-post","status-publish","format-standard","has-post-thumbnail","hentry","category-centro-en-la-prensa"],"featured_image_url":"https:\/\/gobierno.udd.cl\/cpp\/files\/2020\/11\/Dise\u00f1o-sin-t\u00edtulo-12.png","_links":{"self":[{"href":"https:\/\/gobierno.udd.cl\/cpp\/wp-json\/wp\/v2\/posts\/6193","targetHints":{"allow":["GET"]}}],"collection":[{"href":"https:\/\/gobierno.udd.cl\/cpp\/wp-json\/wp\/v2\/posts"}],"about":[{"href":"https:\/\/gobierno.udd.cl\/cpp\/wp-json\/wp\/v2\/types\/post"}],"author":[{"embeddable":true,"href":"https:\/\/gobierno.udd.cl\/cpp\/wp-json\/wp\/v2\/users\/22"}],"replies":[{"embeddable":true,"href":"https:\/\/gobierno.udd.cl\/cpp\/wp-json\/wp\/v2\/comments?post=6193"}],"version-history":[{"count":1,"href":"https:\/\/gobierno.udd.cl\/cpp\/wp-json\/wp\/v2\/posts\/6193\/revisions"}],"predecessor-version":[{"id":6194,"href":"https:\/\/gobierno.udd.cl\/cpp\/wp-json\/wp\/v2\/posts\/6193\/revisions\/6194"}],"wp:featuredmedia":[{"embeddable":true,"href":"https:\/\/gobierno.udd.cl\/cpp\/wp-json\/wp\/v2\/media\/5939"}],"wp:attachment":[{"href":"https:\/\/gobierno.udd.cl\/cpp\/wp-json\/wp\/v2\/media?parent=6193"}],"wp:term":[{"taxonomy":"category","embeddable":true,"href":"https:\/\/gobierno.udd.cl\/cpp\/wp-json\/wp\/v2\/categories?post=6193"},{"taxonomy":"post_tag","embeddable":true,"href":"https:\/\/gobierno.udd.cl\/cpp\/wp-json\/wp\/v2\/tags?post=6193"}],"curies":[{"name":"wp","href":"https:\/\/api.w.org\/{rel}","templated":true}]}}