{"id":6162,"date":"2021-08-23T16:31:00","date_gmt":"2021-08-23T20:31:00","guid":{"rendered":"http:\/\/gobierno.udd.cl\/cpp\/?p=6162"},"modified":"2021-08-30T16:31:46","modified_gmt":"2021-08-30T20:31:46","slug":"candidaturas-presidenciales","status":"publish","type":"post","link":"https:\/\/gobierno.udd.cl\/cpp\/noticias\/2021\/08\/23\/candidaturas-presidenciales\/","title":{"rendered":"Candidaturas presidenciales"},"content":{"rendered":"\n<p>El abogado y la cientista pol\u00edtica, se refieren a las las inscripciones de los candidatos presidenciales.<\/p>\n\n\n<audio class=\"wp-audio-shortcode\" id=\"audio-6162-1\" preload=\"none\" style=\"width: 100%;\" controls=\"controls\"><source type=\"audio\/mpeg\" src=\"https:\/\/conectamedia.s3.amazonaws.com\/612447dba8f8f74819684016.mp3?_=1\" \/><a href=\"https:\/\/conectamedia.s3.amazonaws.com\/612447dba8f8f74819684016.mp3\">https:\/\/conectamedia.s3.amazonaws.com\/612447dba8f8f74819684016.mp3<\/a><\/audio>","protected":false},"excerpt":{"rendered":"<p>Entrevista a Carolina Garrido, Cientista Pol\u00edtica de la UDP y Gonzalo M\u00fcller, Director del Centro de Pol\u00edticas P\u00fablicas de la UDD.<\/p>\n","protected":false},"author":22,"featured_media":6082,"comment_status":"open","ping_status":"open","sticky":false,"template":"","format":"standard","meta":{"footnotes":""},"categories":[10162],"tags":[],"class_list":["post-6162","post","type-post","status-publish","format-standard","has-post-thumbnail","hentry","category-centro-en-la-prensa"],"featured_image_url":"https:\/\/gobierno.udd.cl\/cpp\/files\/2021\/05\/logos-medios-1-1.png","_links":{"self":[{"href":"https:\/\/gobierno.udd.cl\/cpp\/wp-json\/wp\/v2\/posts\/6162","targetHints":{"allow":["GET"]}}],"collection":[{"href":"https:\/\/gobierno.udd.cl\/cpp\/wp-json\/wp\/v2\/posts"}],"about":[{"href":"https:\/\/gobierno.udd.cl\/cpp\/wp-json\/wp\/v2\/types\/post"}],"author":[{"embeddable":true,"href":"https:\/\/gobierno.udd.cl\/cpp\/wp-json\/wp\/v2\/users\/22"}],"replies":[{"embeddable":true,"href":"https:\/\/gobierno.udd.cl\/cpp\/wp-json\/wp\/v2\/comments?post=6162"}],"version-history":[{"count":1,"href":"https:\/\/gobierno.udd.cl\/cpp\/wp-json\/wp\/v2\/posts\/6162\/revisions"}],"predecessor-version":[{"id":6163,"href":"https:\/\/gobierno.udd.cl\/cpp\/wp-json\/wp\/v2\/posts\/6162\/revisions\/6163"}],"wp:featuredmedia":[{"embeddable":true,"href":"https:\/\/gobierno.udd.cl\/cpp\/wp-json\/wp\/v2\/media\/6082"}],"wp:attachment":[{"href":"https:\/\/gobierno.udd.cl\/cpp\/wp-json\/wp\/v2\/media?parent=6162"}],"wp:term":[{"taxonomy":"category","embeddable":true,"href":"https:\/\/gobierno.udd.cl\/cpp\/wp-json\/wp\/v2\/categories?post=6162"},{"taxonomy":"post_tag","embeddable":true,"href":"https:\/\/gobierno.udd.cl\/cpp\/wp-json\/wp\/v2\/tags?post=6162"}],"curies":[{"name":"wp","href":"https:\/\/api.w.org\/{rel}","templated":true}]}}