{"id":6159,"date":"2021-08-24T16:27:00","date_gmt":"2021-08-24T20:27:00","guid":{"rendered":"http:\/\/gobierno.udd.cl\/cpp\/?p=6159"},"modified":"2021-08-30T16:28:17","modified_gmt":"2021-08-30T20:28:17","slug":"via-publica-inscripcion-de-candidatos-presidenciales-y-parlamentarios","status":"publish","type":"post","link":"https:\/\/gobierno.udd.cl\/cpp\/noticias\/2021\/08\/24\/via-publica-inscripcion-de-candidatos-presidenciales-y-parlamentarios\/","title":{"rendered":"V\u00eda P\u00fablica | Inscripci\u00f3n de candidatos presidenciales y parlamentarios"},"content":{"rendered":"\n<p>Intensa jornada de inscripciones en el Servel, con nueve candidatos presidenciales inscritos: Boric, Provoste, MEO, Art\u00e9s, Ancalao, Lorenzini, Parisi, Sichel y Kast. <\/p>\n\n\n<div style=\"width: 640px;\" class=\"wp-video\"><video class=\"wp-video-shortcode\" id=\"video-6159-1\" width=\"640\" height=\"360\" preload=\"metadata\" controls=\"controls\"><source type=\"video\/mp4\" src=\"https:\/\/conectamedia.s3.amazonaws.com\/61252647a8f8f7448bc6c3b2.mp4?_=1\" \/><a href=\"https:\/\/conectamedia.s3.amazonaws.com\/61252647a8f8f7448bc6c3b2.mp4\">https:\/\/conectamedia.s3.amazonaws.com\/61252647a8f8f7448bc6c3b2.mp4<\/a><\/video><\/div>","protected":false},"excerpt":{"rendered":"<p>Panelista: Gonzalo M\u00fcller, director Centro de Pol\u00edticas P\u00fablicas UDD<\/p>\n","protected":false},"author":22,"featured_media":5961,"comment_status":"open","ping_status":"open","sticky":false,"template":"","format":"standard","meta":{"footnotes":""},"categories":[10162],"tags":[],"class_list":["post-6159","post","type-post","status-publish","format-standard","has-post-thumbnail","hentry","category-centro-en-la-prensa"],"featured_image_url":"https:\/\/gobierno.udd.cl\/cpp\/files\/2020\/12\/logos-medios-2.png","_links":{"self":[{"href":"https:\/\/gobierno.udd.cl\/cpp\/wp-json\/wp\/v2\/posts\/6159","targetHints":{"allow":["GET"]}}],"collection":[{"href":"https:\/\/gobierno.udd.cl\/cpp\/wp-json\/wp\/v2\/posts"}],"about":[{"href":"https:\/\/gobierno.udd.cl\/cpp\/wp-json\/wp\/v2\/types\/post"}],"author":[{"embeddable":true,"href":"https:\/\/gobierno.udd.cl\/cpp\/wp-json\/wp\/v2\/users\/22"}],"replies":[{"embeddable":true,"href":"https:\/\/gobierno.udd.cl\/cpp\/wp-json\/wp\/v2\/comments?post=6159"}],"version-history":[{"count":2,"href":"https:\/\/gobierno.udd.cl\/cpp\/wp-json\/wp\/v2\/posts\/6159\/revisions"}],"predecessor-version":[{"id":6161,"href":"https:\/\/gobierno.udd.cl\/cpp\/wp-json\/wp\/v2\/posts\/6159\/revisions\/6161"}],"wp:featuredmedia":[{"embeddable":true,"href":"https:\/\/gobierno.udd.cl\/cpp\/wp-json\/wp\/v2\/media\/5961"}],"wp:attachment":[{"href":"https:\/\/gobierno.udd.cl\/cpp\/wp-json\/wp\/v2\/media?parent=6159"}],"wp:term":[{"taxonomy":"category","embeddable":true,"href":"https:\/\/gobierno.udd.cl\/cpp\/wp-json\/wp\/v2\/categories?post=6159"},{"taxonomy":"post_tag","embeddable":true,"href":"https:\/\/gobierno.udd.cl\/cpp\/wp-json\/wp\/v2\/tags?post=6159"}],"curies":[{"name":"wp","href":"https:\/\/api.w.org\/{rel}","templated":true}]}}