{"id":6145,"date":"2021-08-10T11:36:00","date_gmt":"2021-08-10T15:36:00","guid":{"rendered":"http:\/\/gobierno.udd.cl\/cpp\/?p=6145"},"modified":"2021-08-17T11:36:57","modified_gmt":"2021-08-17T15:36:57","slug":"mirada-politica-con-gonzalo-muller-y-benjamin-blanco-2","status":"publish","type":"post","link":"https:\/\/gobierno.udd.cl\/cpp\/noticias\/2021\/08\/10\/mirada-politica-con-gonzalo-muller-y-benjamin-blanco-2\/","title":{"rendered":"Mirada Pol\u00edtica con Gonzalo M\u00fcller y Benjam\u00edn Blanco"},"content":{"rendered":"\n<p>Revisa la conversaci\u00f3n entre el director del Centro de Pol\u00edticas P\u00fablicas de la UDD y el editor general de Emol. <\/p>\n\n\n<div style=\"width: 640px;\" class=\"wp-video\"><video class=\"wp-video-shortcode\" id=\"video-6145-1\" width=\"640\" height=\"360\" preload=\"metadata\" controls=\"controls\"><source type=\"video\/mp4\" src=\"http:\/\/\/\/videosetv.ecn.cl\/EMOLTV_V2_20210810195245839_480p.mp4?_=1\" \/><a href=\"http:\/\/\/\/videosetv.ecn.cl\/EMOLTV_V2_20210810195245839_480p.mp4\">http:\/\/\/\/videosetv.ecn.cl\/EMOLTV_V2_20210810195245839_480p.mp4<\/a><\/video><\/div>","protected":false},"excerpt":{"rendered":"<p>Revisa la conversaci\u00f3n entre el director del Centro de Pol\u00edticas P\u00fablicas de la UDD y el editor general de Emol.<\/p>\n","protected":false},"author":22,"featured_media":5979,"comment_status":"open","ping_status":"open","sticky":false,"template":"","format":"standard","meta":{"footnotes":""},"categories":[10162],"tags":[],"class_list":["post-6145","post","type-post","status-publish","format-standard","has-post-thumbnail","hentry","category-centro-en-la-prensa"],"featured_image_url":"https:\/\/gobierno.udd.cl\/cpp\/files\/2020\/12\/logos-medios-3.png","_links":{"self":[{"href":"https:\/\/gobierno.udd.cl\/cpp\/wp-json\/wp\/v2\/posts\/6145","targetHints":{"allow":["GET"]}}],"collection":[{"href":"https:\/\/gobierno.udd.cl\/cpp\/wp-json\/wp\/v2\/posts"}],"about":[{"href":"https:\/\/gobierno.udd.cl\/cpp\/wp-json\/wp\/v2\/types\/post"}],"author":[{"embeddable":true,"href":"https:\/\/gobierno.udd.cl\/cpp\/wp-json\/wp\/v2\/users\/22"}],"replies":[{"embeddable":true,"href":"https:\/\/gobierno.udd.cl\/cpp\/wp-json\/wp\/v2\/comments?post=6145"}],"version-history":[{"count":1,"href":"https:\/\/gobierno.udd.cl\/cpp\/wp-json\/wp\/v2\/posts\/6145\/revisions"}],"predecessor-version":[{"id":6146,"href":"https:\/\/gobierno.udd.cl\/cpp\/wp-json\/wp\/v2\/posts\/6145\/revisions\/6146"}],"wp:featuredmedia":[{"embeddable":true,"href":"https:\/\/gobierno.udd.cl\/cpp\/wp-json\/wp\/v2\/media\/5979"}],"wp:attachment":[{"href":"https:\/\/gobierno.udd.cl\/cpp\/wp-json\/wp\/v2\/media?parent=6145"}],"wp:term":[{"taxonomy":"category","embeddable":true,"href":"https:\/\/gobierno.udd.cl\/cpp\/wp-json\/wp\/v2\/categories?post=6145"},{"taxonomy":"post_tag","embeddable":true,"href":"https:\/\/gobierno.udd.cl\/cpp\/wp-json\/wp\/v2\/tags?post=6145"}],"curies":[{"name":"wp","href":"https:\/\/api.w.org\/{rel}","templated":true}]}}