{"id":6142,"date":"2021-08-04T11:03:00","date_gmt":"2021-08-04T15:03:00","guid":{"rendered":"http:\/\/gobierno.udd.cl\/cpp\/?p=6142"},"modified":"2021-08-10T11:03:20","modified_gmt":"2021-08-10T15:03:20","slug":"programa-directo-al-grano-21","status":"publish","type":"post","link":"https:\/\/gobierno.udd.cl\/cpp\/noticias\/2021\/08\/04\/programa-directo-al-grano-21\/","title":{"rendered":"Programa \u00abDirecto al grano\u00bb"},"content":{"rendered":"\n<p>A un mes de la convenci\u00f3n, los panelistas Rodrigo Arellano, vicedecano de la Facultad de Gobierno UDD; Macarena Bravo, directora de Acci\u00f3n Territorial de la plataforma \u00abCoordinadora\u00bb, y Alfredo Moreno, constituyente, analizan su trabajo. <\/p>\n\n\n\n<h3 class=\"wp-block-heading\"><strong>Bloque 1<\/strong><\/h3>\n\n\n<audio class=\"wp-audio-shortcode\" id=\"audio-6142-1\" preload=\"none\" style=\"width: 100%;\" controls=\"controls\"><source type=\"audio\/mpeg\" src=\"https:\/\/conectamedia.s3.amazonaws.com\/610a9baaa8f8f77f6f9f5c11.mp3?_=1\" \/><a href=\"https:\/\/conectamedia.s3.amazonaws.com\/610a9baaa8f8f77f6f9f5c11.mp3\">https:\/\/conectamedia.s3.amazonaws.com\/610a9baaa8f8f77f6f9f5c11.mp3<\/a><\/audio>\n\n\n<h3 class=\"wp-block-heading\"><strong>Bloque 2<\/strong><\/h3>\n\n\n<audio class=\"wp-audio-shortcode\" id=\"audio-6142-2\" preload=\"none\" style=\"width: 100%;\" controls=\"controls\"><source type=\"audio\/mpeg\" src=\"https:\/\/conectamedia.s3.amazonaws.com\/610a9e0ba8f8f77f78e5fab4.mp3?_=2\" \/><a href=\"https:\/\/conectamedia.s3.amazonaws.com\/610a9e0ba8f8f77f78e5fab4.mp3\">https:\/\/conectamedia.s3.amazonaws.com\/610a9e0ba8f8f77f78e5fab4.mp3<\/a><\/audio>\n\n\n<h3 class=\"wp-block-heading\"><strong>Bloque 3<\/strong><\/h3>\n\n\n<audio class=\"wp-audio-shortcode\" id=\"audio-6142-3\" preload=\"none\" style=\"width: 100%;\" controls=\"controls\"><source type=\"audio\/mpeg\" src=\"https:\/\/conectamedia.s3.amazonaws.com\/610aa015a8f8f77f78e5fb8f.mp3?_=3\" \/><a href=\"https:\/\/conectamedia.s3.amazonaws.com\/610aa015a8f8f77f78e5fb8f.mp3\">https:\/\/conectamedia.s3.amazonaws.com\/610aa015a8f8f77f78e5fb8f.mp3<\/a><\/audio>","protected":false},"excerpt":{"rendered":"<p>Conduce: Gonzalo M\u00fcller, director Centro de Pol\u00edticas P\u00fablicas UDD. <\/p>\n","protected":false},"author":22,"featured_media":5939,"comment_status":"open","ping_status":"open","sticky":false,"template":"","format":"standard","meta":{"footnotes":""},"categories":[10162],"tags":[],"class_list":["post-6142","post","type-post","status-publish","format-standard","has-post-thumbnail","hentry","category-centro-en-la-prensa"],"featured_image_url":"https:\/\/gobierno.udd.cl\/cpp\/files\/2020\/11\/Dise\u00f1o-sin-t\u00edtulo-12.png","_links":{"self":[{"href":"https:\/\/gobierno.udd.cl\/cpp\/wp-json\/wp\/v2\/posts\/6142","targetHints":{"allow":["GET"]}}],"collection":[{"href":"https:\/\/gobierno.udd.cl\/cpp\/wp-json\/wp\/v2\/posts"}],"about":[{"href":"https:\/\/gobierno.udd.cl\/cpp\/wp-json\/wp\/v2\/types\/post"}],"author":[{"embeddable":true,"href":"https:\/\/gobierno.udd.cl\/cpp\/wp-json\/wp\/v2\/users\/22"}],"replies":[{"embeddable":true,"href":"https:\/\/gobierno.udd.cl\/cpp\/wp-json\/wp\/v2\/comments?post=6142"}],"version-history":[{"count":1,"href":"https:\/\/gobierno.udd.cl\/cpp\/wp-json\/wp\/v2\/posts\/6142\/revisions"}],"predecessor-version":[{"id":6143,"href":"https:\/\/gobierno.udd.cl\/cpp\/wp-json\/wp\/v2\/posts\/6142\/revisions\/6143"}],"wp:featuredmedia":[{"embeddable":true,"href":"https:\/\/gobierno.udd.cl\/cpp\/wp-json\/wp\/v2\/media\/5939"}],"wp:attachment":[{"href":"https:\/\/gobierno.udd.cl\/cpp\/wp-json\/wp\/v2\/media?parent=6142"}],"wp:term":[{"taxonomy":"category","embeddable":true,"href":"https:\/\/gobierno.udd.cl\/cpp\/wp-json\/wp\/v2\/categories?post=6142"},{"taxonomy":"post_tag","embeddable":true,"href":"https:\/\/gobierno.udd.cl\/cpp\/wp-json\/wp\/v2\/tags?post=6142"}],"curies":[{"name":"wp","href":"https:\/\/api.w.org\/{rel}","templated":true}]}}