{"id":6105,"date":"2021-06-11T14:52:00","date_gmt":"2021-06-11T18:52:00","guid":{"rendered":"http:\/\/gobierno.udd.cl\/cpp\/?p=6105"},"modified":"2021-06-14T14:54:46","modified_gmt":"2021-06-14T18:54:46","slug":"analisis-de-datos-y-redes-sociales-el-rol-de-primera-linea-de-maria-estela-la-hija-mayor-de-lavin-en-su-tercera-campana-presidencial","status":"publish","type":"post","link":"https:\/\/gobierno.udd.cl\/cpp\/noticias\/2021\/06\/11\/analisis-de-datos-y-redes-sociales-el-rol-de-primera-linea-de-maria-estela-la-hija-mayor-de-lavin-en-su-tercera-campana-presidencial\/","title":{"rendered":"El rol de Mar\u00eda Estela, la hija mayor de Lav\u00edn, en su tercera campa\u00f1a presidencial"},"content":{"rendered":"\n<p>Participa de manera virtual en las reuniones de coordinaci\u00f3n estrat\u00e9gica que tiene el alcalde y abanderado presidencial de la UDI, Joaqu\u00edn Lav\u00edn, todos los mi\u00e9rcoles con su equipo pol\u00edtico, encabezado por el exdiputado Ernesto Silva. Mar\u00eda Estela Lav\u00edn (43), su hija mayor, dicen, es una pieza importante en las decisiones que toma el alcalde, quien por tercera vez se la juega por disputar una elecci\u00f3n presidencial.<\/p>\n\n\n\n<p>En las reuniones de los mi\u00e9rcoles -a las que tambi\u00e9n acuden Jorge Saint Jean, Rodolfo Carter, Gonzalo M\u00fcller, Cristi\u00e1n Varela y Francisco de la Maza-, Estela cumple un rol \u201cm\u00e1s t\u00e9cnico\u201d en las discusiones con las que se definen las intervenciones de Lav\u00edn, sus actividades y se analiza el impacto de sus declaraciones.<\/p>\n\n\n\n<p>En esto \u00faltimo, agregan las mismas fuentes, ella tiene incidencia directa, pues est\u00e1 a cargo de los datos, cifras y la penetraci\u00f3n que tienen ciertos temas y declaraciones en la opini\u00f3n p\u00fablica. Tambi\u00e9n suele comentar sobre c\u00f3mo ir utilizando las redes sociales, c\u00f3mo se puede sacar ventaja al uso de WhatsApp y es quien maneja las sondeos de opini\u00f3n.<\/p>\n\n\n\n<p>La hija mayor del abanderado de la UDI es la \u201cm\u00e1s cercana\u201d a \u00e9l y la m\u00e1s \u201cpol\u00edtica\u201d junto con su hijo, el diputado Joaqu\u00edn Lav\u00edn, quien tambi\u00e9n colabora, aunque en menor medida. En la campa\u00f1a presidencial de 2005, ella ya hab\u00eda tenido un rol en la administraci\u00f3n financiera, haci\u00e9ndose cargo, entre otras cosas, de la rendici\u00f3n electoral ante el Servicio Electoral (Servel). Sin embargo, ahora dicen que est\u00e1 \u201cm\u00e1s involucrada\u201d.<\/p>\n\n\n\n<p>En el equipo de Lav\u00edn se afirma que el trato entre ambos es m\u00e1s bien \u201cinformal y familiar\u201d y que Estela lo llama siempre como \u201cpap\u00e1\u201d. Pese a eso, aseguran que su participaci\u00f3n en las reuniones y en la campa\u00f1a no es porque sea \u201cla hija de\u201d, sino por su experiencia. Titulada como ingeniera civil industrial y con un mag\u00edster en Pol\u00edticas P\u00fablicas de la\u00a0Universidad\u00a0del\u00a0Desarrollo, actualmente es <strong>subdirectora del Centro de Pol\u00edticas P\u00fablicas<\/strong> de esa casa de estudios, la misma que dirige M\u00fcller. Estela es una de las fundadoras de la encuesta Panel Ciudadano\u00a0UDD\u00a0y, como tal, tiene algo que su padre valora mucho: informaci\u00f3n precisa y actualizada sobre la opini\u00f3n p\u00fablica.<\/p>\n\n\n\n<p>En esa l\u00ednea, en el entorno de Lav\u00edn afirman que asesora al alcalde con datos concretos sobre hacia d\u00f3nde van las preferencias de la ciudadan\u00eda, y trabaja en coordinaci\u00f3n con el equipo de comunicaciones integrado por Mar\u00eda In\u00e9s Ruiz y Sebasti\u00e1n Huerta.<\/p>\n\n\n\n<p>As\u00ed, comentan en el comando, si en general el alcalde Lav\u00edn tiene ideas formadas sobre distintas materias, Estela le muestra en \u201ccifras\u201d lo que piensa la ciudadan\u00eda al respecto para que \u00e9l lo administre. Ocurri\u00f3 de esa forma, por ejemplo, en la discusi\u00f3n que abri\u00f3 el Presidente Sebasti\u00e1n Pi\u00f1era respecto del matrimonio igualitario: la hija de Lav\u00edn, dicen, le advirti\u00f3 que era un tema que concitaba una mayor\u00eda de apoyo ciudadano.<\/p>\n\n\n\n<p>El mismo trabajo ha realizado en torno a las preferencias de las personas respecto de la cuarentena y el toque de queda, entre otras materias de la contingencia. Ahora \u00faltimo, sostienen en el entorno de Lav\u00edn, Estela hizo un an\u00e1lisis acerca de lo que est\u00e1 ocurriendo con las elecciones de segunda vuelta de gobernadores regionales, comicios que se realizar\u00e1n este fin de semana, donde la disputa m\u00e1s relevante ser\u00e1 en la Regi\u00f3n Metropolitana. En esta compiten el candidato de la DC, Claudio Orrego, y la del Frente Amplio, Karina Oliva.<\/p>\n\n\n\n<p>Ante este escenario, la hija de Lav\u00edn advirti\u00f3 que una victoria de Oliva podr\u00eda significar que en las primarias de Chile Vamos asista menos gente a votar, porque ser\u00eda una constataci\u00f3n de que la izquierda del PC y del FA ha tomado mayor fuerza y que, por lo mismo, un escenario m\u00e1s conveniente para movilizar gente ser\u00eda que ganara Orrego.<\/p>\n\n\n\n<p>Luego de eso es que Lav\u00edn habr\u00eda dicho esta semana que votar\u00e1 por la carta DC. As\u00ed, algunos atribuyeron a su hija que fijara postura en esa materia.<\/p>\n\n\n\n<p>Estela -quien, seg\u00fan el entorno de Lav\u00edn, apoy\u00f3 desde el d\u00eda uno al alcalde en su \u00faltima apuesta por la Presidencia-, est\u00e1 empujando tambi\u00e9n que su hermano Juan Pablo (34), quien es ingeniero comercial con un posgrado en pol\u00edticas p\u00fablicas, entre a participar en la campa\u00f1a. Al igual que ella, es fundador de la encuesta que deriv\u00f3 en el Panel Ciudadano\u00a0UDD, por lo que espera que aporte con sus conocimientos en manejo de datos.<\/p>\n\n\n\n<p>Seg\u00fan comentan en el comando de Lav\u00edn, su hija ha aconsejado al alcalde a que se preocupen tambi\u00e9n de hacer llegar mensajes a una audiencia \u201cm\u00e1s joven\u201d, entre 18 y 24 a\u00f1os. Por lo mismo, se espera que esta semana el alcalde comience a tener, por ejemplo, un rol m\u00e1s activo en su cuenta de TikTok.  <\/p>\n\n\n<p><a href=\"https:\/\/gobierno.udd.cl\/cpp\/files\/2021\/06\/2021-06-11_10_v1_2684_3711_e3e3e3-scaled.jpg\"><img loading=\"lazy\" decoding=\"async\" class=\"size-medium wp-image-6106 alignleft\" src=\"https:\/\/gobierno.udd.cl\/cpp\/files\/2021\/06\/2021-06-11_10_v1_2684_3711_e3e3e3-217x300.jpg\" alt=\"\" width=\"217\" height=\"300\" srcset=\"https:\/\/gobierno.udd.cl\/cpp\/files\/2021\/06\/2021-06-11_10_v1_2684_3711_e3e3e3-217x300.jpg 217w, https:\/\/gobierno.udd.cl\/cpp\/files\/2021\/06\/2021-06-11_10_v1_2684_3711_e3e3e3-741x1024.jpg 741w, https:\/\/gobierno.udd.cl\/cpp\/files\/2021\/06\/2021-06-11_10_v1_2684_3711_e3e3e3-768x1062.jpg 768w, https:\/\/gobierno.udd.cl\/cpp\/files\/2021\/06\/2021-06-11_10_v1_2684_3711_e3e3e3-1111x1536.jpg 1111w, https:\/\/gobierno.udd.cl\/cpp\/files\/2021\/06\/2021-06-11_10_v1_2684_3711_e3e3e3-1481x2048.jpg 1481w, https:\/\/gobierno.udd.cl\/cpp\/files\/2021\/06\/2021-06-11_10_v1_2684_3711_e3e3e3-scaled.jpg 1852w\" sizes=\"auto, (max-width: 217px) 100vw, 217px\" \/><\/a><\/p>","protected":false},"excerpt":{"rendered":"<p>Participa de manera virtual en las reuniones de coordinaci\u00f3n estrat\u00e9gica que tiene el alcalde y abanderado presidencial de la UDI, Joaqu\u00edn Lav\u00edn, todos los mi\u00e9rcoles con su equipo pol\u00edtico, encabezado por el exdiputado Ernesto Silva. Mar\u00eda Estela Lav\u00edn (43), su hija mayor, dicen, es una pieza importante en las decisiones que toma el alcalde, quien [&hellip;]<\/p>\n","protected":false},"author":22,"featured_media":5945,"comment_status":"open","ping_status":"open","sticky":false,"template":"","format":"standard","meta":{"footnotes":""},"categories":[10162],"tags":[],"class_list":["post-6105","post","type-post","status-publish","format-standard","has-post-thumbnail","hentry","category-centro-en-la-prensa"],"featured_image_url":"https:\/\/gobierno.udd.cl\/cpp\/files\/2020\/10\/Dise\u00f1o-sin-t\u00edtulo-7.png","_links":{"self":[{"href":"https:\/\/gobierno.udd.cl\/cpp\/wp-json\/wp\/v2\/posts\/6105","targetHints":{"allow":["GET"]}}],"collection":[{"href":"https:\/\/gobierno.udd.cl\/cpp\/wp-json\/wp\/v2\/posts"}],"about":[{"href":"https:\/\/gobierno.udd.cl\/cpp\/wp-json\/wp\/v2\/types\/post"}],"author":[{"embeddable":true,"href":"https:\/\/gobierno.udd.cl\/cpp\/wp-json\/wp\/v2\/users\/22"}],"replies":[{"embeddable":true,"href":"https:\/\/gobierno.udd.cl\/cpp\/wp-json\/wp\/v2\/comments?post=6105"}],"version-history":[{"count":6,"href":"https:\/\/gobierno.udd.cl\/cpp\/wp-json\/wp\/v2\/posts\/6105\/revisions"}],"predecessor-version":[{"id":6112,"href":"https:\/\/gobierno.udd.cl\/cpp\/wp-json\/wp\/v2\/posts\/6105\/revisions\/6112"}],"wp:featuredmedia":[{"embeddable":true,"href":"https:\/\/gobierno.udd.cl\/cpp\/wp-json\/wp\/v2\/media\/5945"}],"wp:attachment":[{"href":"https:\/\/gobierno.udd.cl\/cpp\/wp-json\/wp\/v2\/media?parent=6105"}],"wp:term":[{"taxonomy":"category","embeddable":true,"href":"https:\/\/gobierno.udd.cl\/cpp\/wp-json\/wp\/v2\/categories?post=6105"},{"taxonomy":"post_tag","embeddable":true,"href":"https:\/\/gobierno.udd.cl\/cpp\/wp-json\/wp\/v2\/tags?post=6105"}],"curies":[{"name":"wp","href":"https:\/\/api.w.org\/{rel}","templated":true}]}}