{"id":6099,"date":"2021-06-02T15:53:00","date_gmt":"2021-06-02T19:53:00","guid":{"rendered":"http:\/\/gobierno.udd.cl\/cpp\/?p=6099"},"modified":"2021-06-07T15:53:48","modified_gmt":"2021-06-07T19:53:48","slug":"programa-directo-al-grano-19","status":"publish","type":"post","link":"https:\/\/gobierno.udd.cl\/cpp\/noticias\/2021\/06\/02\/programa-directo-al-grano-19\/","title":{"rendered":"Programa \u00abDirecto al grano\u00bb"},"content":{"rendered":"\n<h3 class=\"wp-block-heading\">An\u00e1lisis pol\u00edtico de la actualidad nacional &#8211; Bloque 1<\/h3>\n\n\n<audio class=\"wp-audio-shortcode\" id=\"audio-6099-1\" preload=\"none\" style=\"width: 100%;\" controls=\"controls\"><source type=\"audio\/mpeg\" src=\"https:\/\/conectamedia.s3.amazonaws.com\/60b78a2ba8f8f748cf248c98.mp3?_=1\" \/><a href=\"https:\/\/conectamedia.s3.amazonaws.com\/60b78a2ba8f8f748cf248c98.mp3\">https:\/\/conectamedia.s3.amazonaws.com\/60b78a2ba8f8f748cf248c98.mp3<\/a><\/audio>\n\n\n<h3 class=\"wp-block-heading\">An\u00e1lisis pol\u00edtico de la actualidad nacional &#8211; Bloque 2<strong><br> <\/strong><\/h3>\n\n\n<audio class=\"wp-audio-shortcode\" id=\"audio-6099-2\" preload=\"none\" style=\"width: 100%;\" controls=\"controls\"><source type=\"audio\/mpeg\" src=\"https:\/\/conectamedia.s3.amazonaws.com\/60b78e70a8f8f748d1af1bc9.mp3?_=2\" \/><a href=\"https:\/\/conectamedia.s3.amazonaws.com\/60b78e70a8f8f748d1af1bc9.mp3\">https:\/\/conectamedia.s3.amazonaws.com\/60b78e70a8f8f748d1af1bc9.mp3<\/a><\/audio>\n\n\n<h3 class=\"wp-block-heading\">An\u00e1lisis pol\u00edtico de la actualidad nacional &#8211; Bloque 3<\/h3>\n\n\n<audio class=\"wp-audio-shortcode\" id=\"audio-6099-3\" preload=\"none\" style=\"width: 100%;\" controls=\"controls\"><source type=\"audio\/mpeg\" src=\"https:\/\/conectamedia.s3.amazonaws.com\/60b79295a8f8f748cf248fc8.mp3?_=3\" \/><a href=\"https:\/\/conectamedia.s3.amazonaws.com\/60b79295a8f8f748cf248fc8.mp3\">https:\/\/conectamedia.s3.amazonaws.com\/60b79295a8f8f748cf248fc8.mp3<\/a><\/audio>","protected":false},"excerpt":{"rendered":"<p>Conduce: Gonzalo M\u00fcller, director Centro de Pol\u00edticas P\u00fablicas UDD. <\/p>\n","protected":false},"author":22,"featured_media":5939,"comment_status":"open","ping_status":"open","sticky":false,"template":"","format":"standard","meta":{"footnotes":""},"categories":[10162],"tags":[],"class_list":["post-6099","post","type-post","status-publish","format-standard","has-post-thumbnail","hentry","category-centro-en-la-prensa"],"featured_image_url":"https:\/\/gobierno.udd.cl\/cpp\/files\/2020\/11\/Dise\u00f1o-sin-t\u00edtulo-12.png","_links":{"self":[{"href":"https:\/\/gobierno.udd.cl\/cpp\/wp-json\/wp\/v2\/posts\/6099","targetHints":{"allow":["GET"]}}],"collection":[{"href":"https:\/\/gobierno.udd.cl\/cpp\/wp-json\/wp\/v2\/posts"}],"about":[{"href":"https:\/\/gobierno.udd.cl\/cpp\/wp-json\/wp\/v2\/types\/post"}],"author":[{"embeddable":true,"href":"https:\/\/gobierno.udd.cl\/cpp\/wp-json\/wp\/v2\/users\/22"}],"replies":[{"embeddable":true,"href":"https:\/\/gobierno.udd.cl\/cpp\/wp-json\/wp\/v2\/comments?post=6099"}],"version-history":[{"count":1,"href":"https:\/\/gobierno.udd.cl\/cpp\/wp-json\/wp\/v2\/posts\/6099\/revisions"}],"predecessor-version":[{"id":6100,"href":"https:\/\/gobierno.udd.cl\/cpp\/wp-json\/wp\/v2\/posts\/6099\/revisions\/6100"}],"wp:featuredmedia":[{"embeddable":true,"href":"https:\/\/gobierno.udd.cl\/cpp\/wp-json\/wp\/v2\/media\/5939"}],"wp:attachment":[{"href":"https:\/\/gobierno.udd.cl\/cpp\/wp-json\/wp\/v2\/media?parent=6099"}],"wp:term":[{"taxonomy":"category","embeddable":true,"href":"https:\/\/gobierno.udd.cl\/cpp\/wp-json\/wp\/v2\/categories?post=6099"},{"taxonomy":"post_tag","embeddable":true,"href":"https:\/\/gobierno.udd.cl\/cpp\/wp-json\/wp\/v2\/tags?post=6099"}],"curies":[{"name":"wp","href":"https:\/\/api.w.org\/{rel}","templated":true}]}}