{"id":6097,"date":"2021-05-26T15:50:00","date_gmt":"2021-05-26T19:50:00","guid":{"rendered":"http:\/\/gobierno.udd.cl\/cpp\/?p=6097"},"modified":"2021-06-07T15:51:10","modified_gmt":"2021-06-07T19:51:10","slug":"programa-directo-al-grano-18","status":"publish","type":"post","link":"https:\/\/gobierno.udd.cl\/cpp\/noticias\/2021\/05\/26\/programa-directo-al-grano-18\/","title":{"rendered":"Programa \u00abDirecto al grano\u00bb"},"content":{"rendered":"\n<h3 class=\"wp-block-heading\">An\u00e1lisis pol\u00edtico de la actualidad nacional &#8211; Bloque 1<\/h3>\n\n\n<audio class=\"wp-audio-shortcode\" id=\"audio-6097-1\" preload=\"none\" style=\"width: 100%;\" controls=\"controls\"><source type=\"audio\/mpeg\" src=\"https:\/\/conectamedia.s3.amazonaws.com\/60ae546ea8f8f72d435f506b.mp3?_=1\" \/><a href=\"https:\/\/conectamedia.s3.amazonaws.com\/60ae546ea8f8f72d435f506b.mp3\">https:\/\/conectamedia.s3.amazonaws.com\/60ae546ea8f8f72d435f506b.mp3<\/a><\/audio>\n\n\n<h3 class=\"wp-block-heading\">An\u00e1lisis pol\u00edtico de la actualidad nacional &#8211; Bloque 2<\/h3>\n\n\n<audio class=\"wp-audio-shortcode\" id=\"audio-6097-2\" preload=\"none\" style=\"width: 100%;\" controls=\"controls\"><source type=\"audio\/mpeg\" src=\"https:\/\/conectamedia.s3.amazonaws.com\/60ae5901a8f8f72d3ea2b33d.mp3?_=2\" \/><a href=\"https:\/\/conectamedia.s3.amazonaws.com\/60ae5901a8f8f72d3ea2b33d.mp3\">https:\/\/conectamedia.s3.amazonaws.com\/60ae5901a8f8f72d3ea2b33d.mp3<\/a><\/audio>","protected":false},"excerpt":{"rendered":"<p>Conduce: Gonzalo M\u00fcller, director Centro de Pol\u00edticas P\u00fablicas UDD. <\/p>\n","protected":false},"author":22,"featured_media":5939,"comment_status":"open","ping_status":"open","sticky":false,"template":"","format":"standard","meta":{"footnotes":""},"categories":[10162],"tags":[],"class_list":["post-6097","post","type-post","status-publish","format-standard","has-post-thumbnail","hentry","category-centro-en-la-prensa"],"featured_image_url":"https:\/\/gobierno.udd.cl\/cpp\/files\/2020\/11\/Dise\u00f1o-sin-t\u00edtulo-12.png","_links":{"self":[{"href":"https:\/\/gobierno.udd.cl\/cpp\/wp-json\/wp\/v2\/posts\/6097","targetHints":{"allow":["GET"]}}],"collection":[{"href":"https:\/\/gobierno.udd.cl\/cpp\/wp-json\/wp\/v2\/posts"}],"about":[{"href":"https:\/\/gobierno.udd.cl\/cpp\/wp-json\/wp\/v2\/types\/post"}],"author":[{"embeddable":true,"href":"https:\/\/gobierno.udd.cl\/cpp\/wp-json\/wp\/v2\/users\/22"}],"replies":[{"embeddable":true,"href":"https:\/\/gobierno.udd.cl\/cpp\/wp-json\/wp\/v2\/comments?post=6097"}],"version-history":[{"count":1,"href":"https:\/\/gobierno.udd.cl\/cpp\/wp-json\/wp\/v2\/posts\/6097\/revisions"}],"predecessor-version":[{"id":6098,"href":"https:\/\/gobierno.udd.cl\/cpp\/wp-json\/wp\/v2\/posts\/6097\/revisions\/6098"}],"wp:featuredmedia":[{"embeddable":true,"href":"https:\/\/gobierno.udd.cl\/cpp\/wp-json\/wp\/v2\/media\/5939"}],"wp:attachment":[{"href":"https:\/\/gobierno.udd.cl\/cpp\/wp-json\/wp\/v2\/media?parent=6097"}],"wp:term":[{"taxonomy":"category","embeddable":true,"href":"https:\/\/gobierno.udd.cl\/cpp\/wp-json\/wp\/v2\/categories?post=6097"},{"taxonomy":"post_tag","embeddable":true,"href":"https:\/\/gobierno.udd.cl\/cpp\/wp-json\/wp\/v2\/tags?post=6097"}],"curies":[{"name":"wp","href":"https:\/\/api.w.org\/{rel}","templated":true}]}}