{"id":6081,"date":"2021-05-11T16:43:00","date_gmt":"2021-05-11T20:43:00","guid":{"rendered":"http:\/\/gobierno.udd.cl\/cpp\/?p=6081"},"modified":"2021-05-18T16:43:44","modified_gmt":"2021-05-18T20:43:44","slug":"programa-lo-que-queda-del-dia","status":"publish","type":"post","link":"https:\/\/gobierno.udd.cl\/cpp\/noticias\/2021\/05\/11\/programa-lo-que-queda-del-dia\/","title":{"rendered":"Programa \u00abLo que queda del d\u00eda\u00bb"},"content":{"rendered":"\n<p> Esta semana es clave ya que este 15 y 16 de mayo se realizan las elecciones, para muchos las m\u00e1s importantes de las \u00faltimas tres d\u00e9cadas en nuestro pa\u00eds. <\/p>\n\n\n<audio class=\"wp-audio-shortcode\" id=\"audio-6081-1\" preload=\"none\" style=\"width: 100%;\" controls=\"controls\"><source type=\"audio\/mpeg\" src=\"https:\/\/conectamedia.s3.amazonaws.com\/609b15f5a8f8f7039e1b3597.mp3?_=1\" \/><a href=\"https:\/\/conectamedia.s3.amazonaws.com\/609b15f5a8f8f7039e1b3597.mp3\">https:\/\/conectamedia.s3.amazonaws.com\/609b15f5a8f8f7039e1b3597.mp3<\/a><\/audio>","protected":false},"excerpt":{"rendered":"<p>Entrevista: Gonzalo M\u00fcller, director Centro de Pol\u00edticas P\u00fablicas UDD. <\/p>\n","protected":false},"author":22,"featured_media":6082,"comment_status":"open","ping_status":"open","sticky":false,"template":"","format":"standard","meta":{"footnotes":""},"categories":[10162],"tags":[],"class_list":["post-6081","post","type-post","status-publish","format-standard","has-post-thumbnail","hentry","category-centro-en-la-prensa"],"featured_image_url":"https:\/\/gobierno.udd.cl\/cpp\/files\/2021\/05\/logos-medios-1-1.png","_links":{"self":[{"href":"https:\/\/gobierno.udd.cl\/cpp\/wp-json\/wp\/v2\/posts\/6081","targetHints":{"allow":["GET"]}}],"collection":[{"href":"https:\/\/gobierno.udd.cl\/cpp\/wp-json\/wp\/v2\/posts"}],"about":[{"href":"https:\/\/gobierno.udd.cl\/cpp\/wp-json\/wp\/v2\/types\/post"}],"author":[{"embeddable":true,"href":"https:\/\/gobierno.udd.cl\/cpp\/wp-json\/wp\/v2\/users\/22"}],"replies":[{"embeddable":true,"href":"https:\/\/gobierno.udd.cl\/cpp\/wp-json\/wp\/v2\/comments?post=6081"}],"version-history":[{"count":1,"href":"https:\/\/gobierno.udd.cl\/cpp\/wp-json\/wp\/v2\/posts\/6081\/revisions"}],"predecessor-version":[{"id":6083,"href":"https:\/\/gobierno.udd.cl\/cpp\/wp-json\/wp\/v2\/posts\/6081\/revisions\/6083"}],"wp:featuredmedia":[{"embeddable":true,"href":"https:\/\/gobierno.udd.cl\/cpp\/wp-json\/wp\/v2\/media\/6082"}],"wp:attachment":[{"href":"https:\/\/gobierno.udd.cl\/cpp\/wp-json\/wp\/v2\/media?parent=6081"}],"wp:term":[{"taxonomy":"category","embeddable":true,"href":"https:\/\/gobierno.udd.cl\/cpp\/wp-json\/wp\/v2\/categories?post=6081"},{"taxonomy":"post_tag","embeddable":true,"href":"https:\/\/gobierno.udd.cl\/cpp\/wp-json\/wp\/v2\/tags?post=6081"}],"curies":[{"name":"wp","href":"https:\/\/api.w.org\/{rel}","templated":true}]}}