{"id":6065,"date":"2021-04-29T11:13:00","date_gmt":"2021-04-29T15:13:00","guid":{"rendered":"http:\/\/gobierno.udd.cl\/cpp\/?p=6065"},"modified":"2021-05-13T11:13:22","modified_gmt":"2021-05-13T15:13:22","slug":"entrevista-gonzalo-muller-sobre-encuesta-cep","status":"publish","type":"post","link":"https:\/\/gobierno.udd.cl\/cpp\/noticias\/2021\/04\/29\/entrevista-gonzalo-muller-sobre-encuesta-cep\/","title":{"rendered":"Entrevista Gonzalo M\u00fcller sobre encuesta CEP"},"content":{"rendered":"\n<p>Encuesta CEP revel\u00f3 un escaso apoyo al presidente Sebasti\u00e1n Pi\u00f1era y de las instituciones en general.<\/p>\n\n\n<audio class=\"wp-audio-shortcode\" id=\"audio-6065-1\" preload=\"none\" style=\"width: 100%;\" controls=\"controls\"><source type=\"audio\/mpeg\" src=\"https:\/\/conectamedia.s3.amazonaws.com\/608b5ce1a8f8f75c9ff58e72.mp3?_=1\" \/><a href=\"https:\/\/conectamedia.s3.amazonaws.com\/608b5ce1a8f8f75c9ff58e72.mp3\">https:\/\/conectamedia.s3.amazonaws.com\/608b5ce1a8f8f75c9ff58e72.mp3<\/a><\/audio>","protected":false},"excerpt":{"rendered":"<p>Encuesta CEP revel\u00f3 un escaso apoyo al presidente Sebasti\u00e1n Pi\u00f1era y de las instituciones en general.<\/p>\n","protected":false},"author":22,"featured_media":6066,"comment_status":"open","ping_status":"open","sticky":false,"template":"","format":"standard","meta":{"footnotes":""},"categories":[10162],"tags":[],"class_list":["post-6065","post","type-post","status-publish","format-standard","has-post-thumbnail","hentry","category-centro-en-la-prensa"],"featured_image_url":"https:\/\/gobierno.udd.cl\/cpp\/files\/2021\/05\/logos-medios-1.png","_links":{"self":[{"href":"https:\/\/gobierno.udd.cl\/cpp\/wp-json\/wp\/v2\/posts\/6065","targetHints":{"allow":["GET"]}}],"collection":[{"href":"https:\/\/gobierno.udd.cl\/cpp\/wp-json\/wp\/v2\/posts"}],"about":[{"href":"https:\/\/gobierno.udd.cl\/cpp\/wp-json\/wp\/v2\/types\/post"}],"author":[{"embeddable":true,"href":"https:\/\/gobierno.udd.cl\/cpp\/wp-json\/wp\/v2\/users\/22"}],"replies":[{"embeddable":true,"href":"https:\/\/gobierno.udd.cl\/cpp\/wp-json\/wp\/v2\/comments?post=6065"}],"version-history":[{"count":1,"href":"https:\/\/gobierno.udd.cl\/cpp\/wp-json\/wp\/v2\/posts\/6065\/revisions"}],"predecessor-version":[{"id":6067,"href":"https:\/\/gobierno.udd.cl\/cpp\/wp-json\/wp\/v2\/posts\/6065\/revisions\/6067"}],"wp:featuredmedia":[{"embeddable":true,"href":"https:\/\/gobierno.udd.cl\/cpp\/wp-json\/wp\/v2\/media\/6066"}],"wp:attachment":[{"href":"https:\/\/gobierno.udd.cl\/cpp\/wp-json\/wp\/v2\/media?parent=6065"}],"wp:term":[{"taxonomy":"category","embeddable":true,"href":"https:\/\/gobierno.udd.cl\/cpp\/wp-json\/wp\/v2\/categories?post=6065"},{"taxonomy":"post_tag","embeddable":true,"href":"https:\/\/gobierno.udd.cl\/cpp\/wp-json\/wp\/v2\/tags?post=6065"}],"curies":[{"name":"wp","href":"https:\/\/api.w.org\/{rel}","templated":true}]}}