{"id":6042,"date":"2021-04-09T18:26:00","date_gmt":"2021-04-09T22:26:00","guid":{"rendered":"http:\/\/gobierno.udd.cl\/cpp\/?p=6042"},"modified":"2021-04-13T18:26:45","modified_gmt":"2021-04-13T22:26:45","slug":"agenda-emoltv-con-gonzalo-muller-y-pepe-auth","status":"publish","type":"post","link":"https:\/\/gobierno.udd.cl\/cpp\/noticias\/2021\/04\/09\/agenda-emoltv-con-gonzalo-muller-y-pepe-auth\/","title":{"rendered":"Agenda EmolTV con Gonzalo M\u00fcller y Pepe Auth"},"content":{"rendered":"\n<p>Revisa la conversaci\u00f3n respecto al aplazamiento de las elecciones y la contingencia pol\u00edtico junto al director del Centro de Pol\u00edticas P\u00fablicas de la UDD y al diputado y experto electoral. <\/p>\n\n\n\n<p><strong>Conduce:<\/strong> B\u00e1rbara Brice\u00f1o.<\/p>\n\n\n<div style=\"width: 640px;\" class=\"wp-video\"><video class=\"wp-video-shortcode\" id=\"video-6042-1\" width=\"640\" height=\"360\" preload=\"metadata\" controls=\"controls\"><source type=\"video\/mp4\" src=\"http:\/\/videosetv.ecn.cl\/EMOLTV_V2_20210409171314769_480p.mp4?_=1\" \/><a href=\"http:\/\/videosetv.ecn.cl\/EMOLTV_V2_20210409171314769_480p.mp4\">http:\/\/videosetv.ecn.cl\/EMOLTV_V2_20210409171314769_480p.mp4<\/a><\/video><\/div>","protected":false},"excerpt":{"rendered":"<p>Revisa la conversaci\u00f3n respecto al aplazamiento de las elecciones y la contingencia pol\u00edtico junto al director del Centro de Pol\u00edticas P\u00fablicas de la UDD y al diputado y experto electoral. Conduce: B\u00e1rbara Brice\u00f1o.<\/p>\n","protected":false},"author":22,"featured_media":5979,"comment_status":"open","ping_status":"open","sticky":false,"template":"","format":"standard","meta":{"footnotes":""},"categories":[10162],"tags":[],"class_list":["post-6042","post","type-post","status-publish","format-standard","has-post-thumbnail","hentry","category-centro-en-la-prensa"],"featured_image_url":"https:\/\/gobierno.udd.cl\/cpp\/files\/2020\/12\/logos-medios-3.png","_links":{"self":[{"href":"https:\/\/gobierno.udd.cl\/cpp\/wp-json\/wp\/v2\/posts\/6042","targetHints":{"allow":["GET"]}}],"collection":[{"href":"https:\/\/gobierno.udd.cl\/cpp\/wp-json\/wp\/v2\/posts"}],"about":[{"href":"https:\/\/gobierno.udd.cl\/cpp\/wp-json\/wp\/v2\/types\/post"}],"author":[{"embeddable":true,"href":"https:\/\/gobierno.udd.cl\/cpp\/wp-json\/wp\/v2\/users\/22"}],"replies":[{"embeddable":true,"href":"https:\/\/gobierno.udd.cl\/cpp\/wp-json\/wp\/v2\/comments?post=6042"}],"version-history":[{"count":2,"href":"https:\/\/gobierno.udd.cl\/cpp\/wp-json\/wp\/v2\/posts\/6042\/revisions"}],"predecessor-version":[{"id":6044,"href":"https:\/\/gobierno.udd.cl\/cpp\/wp-json\/wp\/v2\/posts\/6042\/revisions\/6044"}],"wp:featuredmedia":[{"embeddable":true,"href":"https:\/\/gobierno.udd.cl\/cpp\/wp-json\/wp\/v2\/media\/5979"}],"wp:attachment":[{"href":"https:\/\/gobierno.udd.cl\/cpp\/wp-json\/wp\/v2\/media?parent=6042"}],"wp:term":[{"taxonomy":"category","embeddable":true,"href":"https:\/\/gobierno.udd.cl\/cpp\/wp-json\/wp\/v2\/categories?post=6042"},{"taxonomy":"post_tag","embeddable":true,"href":"https:\/\/gobierno.udd.cl\/cpp\/wp-json\/wp\/v2\/tags?post=6042"}],"curies":[{"name":"wp","href":"https:\/\/api.w.org\/{rel}","templated":true}]}}