{"id":603,"date":"2014-09-30T18:18:34","date_gmt":"2014-09-30T21:18:34","guid":{"rendered":"http:\/\/gobierno.udd.cl\/cpp\/?p=603"},"modified":"2015-01-25T18:23:21","modified_gmt":"2015-01-25T21:23:21","slug":"reforma-electoral-por-miguel-angel-fernandez","status":"publish","type":"post","link":"https:\/\/gobierno.udd.cl\/cpp\/noticias\/2014\/09\/30\/reforma-electoral-por-miguel-angel-fernandez\/","title":{"rendered":"\u00abREFORMA ELECTORAL\u00bb POR MIGUEL ANGEL FERN\u00c1NDEZ"},"content":{"rendered":"<p style=\"text-align: justify;\">Encontr\u00e1ndose en discusi\u00f3n el proyecto de reforma al sistema electoral en el Senado, se escuchan voces que piden redistribuir los esca\u00f1os a fin de evitar que Santiago se vea sobrerrepresentado en comparaci\u00f3n con las regiones.<\/p>\n<p style=\"text-align: justify;\">Parece que los senadores encuentran un punto com\u00fan en la idea de que debe existir una relaci\u00f3n entre la poblaci\u00f3n y los esca\u00f1os otorgados a cada zona (idea-fuerza del proyecto del gobierno). Es bueno reflexionar sobre el Senado como instituci\u00f3n y sobre una situaci\u00f3n no menos importante: \u00bfSonlos senadores representantes de su regi\u00f3n o conforman una c\u00e1mara nacional? La existencia de un sistema bicameral se cimienta en que el Senado cumplir\u00e1 un rol de prudencia frente a los humores que puedan surgir en la C\u00e1mara Baja.<\/p>\n<p style=\"text-align: justify;\">Por ello, el menor n\u00famero de senadores, el mayor n\u00famero de a\u00f1os en su puesto y una suerte de aura de experiencia pol\u00edtica recae en ellos. Como segundo argumento se presenta la disyuntiva de si efectivamente tienen un rol para su circunscripci\u00f3n o son m\u00e1s bien legisladores nacionales.<\/p>\n<p style=\"text-align: justify;\">Esto tiene dos aristas, pues si bien son electos por los ciudadanos de su zona, la tarea que cumplen (y por la cual se les debe controlar) es su labor en materia legislativa nacional.<\/p>\n<p style=\"text-align: justify;\">De lo anterior se podr\u00eda concluir que la representaci\u00f3n en cada zona no ser\u00eda el n\u00facleo fundamental del trabajo senatorial, lo que no significa que no se deba cuidar el balance entre regiones y la capital. Vale la pena recordar que la idea inicial del Senado en la d\u00e9cada del 80 otorgaba igual n\u00famero de esca\u00f1os a cada regi\u00f3n buscando afirmar la idea de paridad y labor nacional.<\/p>\n","protected":false},"excerpt":{"rendered":"<p>Encontr\u00e1ndose en discusi\u00f3n el proyecto de reforma al sistema electoral en el Senado, se escuchan voces que piden redistribuir los esca\u00f1os a fin de evitar que Santiago se vea sobrerrepresentado en comparaci\u00f3n con las regiones. Parece que los senadores encuentran un punto com\u00fan en la idea de que debe existir una relaci\u00f3n entre la poblaci\u00f3n [&hellip;]<\/p>\n","protected":false},"author":22,"featured_media":507,"comment_status":"open","ping_status":"open","sticky":false,"template":"","format":"standard","meta":{"footnotes":""},"categories":[7405],"tags":[],"class_list":["post-603","post","type-post","status-publish","format-standard","has-post-thumbnail","hentry","category-columnas-de-opinion-elecciones-udd"],"featured_image_url":"https:\/\/gobierno.udd.cl\/cpp\/files\/2014\/09\/MFernandez_destcada.jpg","_links":{"self":[{"href":"https:\/\/gobierno.udd.cl\/cpp\/wp-json\/wp\/v2\/posts\/603","targetHints":{"allow":["GET"]}}],"collection":[{"href":"https:\/\/gobierno.udd.cl\/cpp\/wp-json\/wp\/v2\/posts"}],"about":[{"href":"https:\/\/gobierno.udd.cl\/cpp\/wp-json\/wp\/v2\/types\/post"}],"author":[{"embeddable":true,"href":"https:\/\/gobierno.udd.cl\/cpp\/wp-json\/wp\/v2\/users\/22"}],"replies":[{"embeddable":true,"href":"https:\/\/gobierno.udd.cl\/cpp\/wp-json\/wp\/v2\/comments?post=603"}],"version-history":[{"count":3,"href":"https:\/\/gobierno.udd.cl\/cpp\/wp-json\/wp\/v2\/posts\/603\/revisions"}],"predecessor-version":[{"id":611,"href":"https:\/\/gobierno.udd.cl\/cpp\/wp-json\/wp\/v2\/posts\/603\/revisions\/611"}],"wp:featuredmedia":[{"embeddable":true,"href":"https:\/\/gobierno.udd.cl\/cpp\/wp-json\/wp\/v2\/media\/507"}],"wp:attachment":[{"href":"https:\/\/gobierno.udd.cl\/cpp\/wp-json\/wp\/v2\/media?parent=603"}],"wp:term":[{"taxonomy":"category","embeddable":true,"href":"https:\/\/gobierno.udd.cl\/cpp\/wp-json\/wp\/v2\/categories?post=603"},{"taxonomy":"post_tag","embeddable":true,"href":"https:\/\/gobierno.udd.cl\/cpp\/wp-json\/wp\/v2\/tags?post=603"}],"curies":[{"name":"wp","href":"https:\/\/api.w.org\/{rel}","templated":true}]}}