{"id":6000,"date":"2021-01-31T17:37:00","date_gmt":"2021-01-31T20:37:00","guid":{"rendered":"http:\/\/gobierno.udd.cl\/cpp\/?p=6000"},"modified":"2021-03-02T17:37:43","modified_gmt":"2021-03-02T20:37:43","slug":"inoculacion-masiva-contra-el-coronavirus","status":"publish","type":"post","link":"https:\/\/gobierno.udd.cl\/cpp\/noticias\/2021\/01\/31\/inoculacion-masiva-contra-el-coronavirus\/","title":{"rendered":"Inoculaci\u00f3n masiva contra el coronavirus"},"content":{"rendered":"\n<p> Con la llegada de dos millones de vacunas Sinovac, la pr\u00f3xima semana comenzar\u00e1 la vacunaci\u00f3n masiva de la poblaci\u00f3n seg\u00fan el calendario y plan que propuso el Gobierno. <\/p>\n\n\n<div style=\"width: 640px;\" class=\"wp-video\"><video class=\"wp-video-shortcode\" id=\"video-6000-1\" width=\"640\" height=\"360\" preload=\"metadata\" controls=\"controls\"><source type=\"video\/mp4\" src=\"https:\/\/conectamedia.s3.amazonaws.com\/6016d787a8f8f701660c214a.mp4?_=1\" \/><a href=\"https:\/\/conectamedia.s3.amazonaws.com\/6016d787a8f8f701660c214a.mp4\">https:\/\/conectamedia.s3.amazonaws.com\/6016d787a8f8f701660c214a.mp4<\/a><\/video><\/div>","protected":false},"excerpt":{"rendered":"<p>Programa Mesa Central.<br \/>\nInvitado: Gonzalo M\u00fcller, director Centro de Pol\u00edticas P\u00fablicas UDD.<\/p>\n","protected":false},"author":22,"featured_media":5935,"comment_status":"open","ping_status":"open","sticky":false,"template":"","format":"standard","meta":{"footnotes":""},"categories":[10162],"tags":[],"class_list":["post-6000","post","type-post","status-publish","format-standard","has-post-thumbnail","hentry","category-centro-en-la-prensa"],"featured_image_url":"https:\/\/gobierno.udd.cl\/cpp\/files\/2020\/11\/Dise\u00f1o-sin-t\u00edtulo-10.png","_links":{"self":[{"href":"https:\/\/gobierno.udd.cl\/cpp\/wp-json\/wp\/v2\/posts\/6000","targetHints":{"allow":["GET"]}}],"collection":[{"href":"https:\/\/gobierno.udd.cl\/cpp\/wp-json\/wp\/v2\/posts"}],"about":[{"href":"https:\/\/gobierno.udd.cl\/cpp\/wp-json\/wp\/v2\/types\/post"}],"author":[{"embeddable":true,"href":"https:\/\/gobierno.udd.cl\/cpp\/wp-json\/wp\/v2\/users\/22"}],"replies":[{"embeddable":true,"href":"https:\/\/gobierno.udd.cl\/cpp\/wp-json\/wp\/v2\/comments?post=6000"}],"version-history":[{"count":1,"href":"https:\/\/gobierno.udd.cl\/cpp\/wp-json\/wp\/v2\/posts\/6000\/revisions"}],"predecessor-version":[{"id":6001,"href":"https:\/\/gobierno.udd.cl\/cpp\/wp-json\/wp\/v2\/posts\/6000\/revisions\/6001"}],"wp:featuredmedia":[{"embeddable":true,"href":"https:\/\/gobierno.udd.cl\/cpp\/wp-json\/wp\/v2\/media\/5935"}],"wp:attachment":[{"href":"https:\/\/gobierno.udd.cl\/cpp\/wp-json\/wp\/v2\/media?parent=6000"}],"wp:term":[{"taxonomy":"category","embeddable":true,"href":"https:\/\/gobierno.udd.cl\/cpp\/wp-json\/wp\/v2\/categories?post=6000"},{"taxonomy":"post_tag","embeddable":true,"href":"https:\/\/gobierno.udd.cl\/cpp\/wp-json\/wp\/v2\/tags?post=6000"}],"curies":[{"name":"wp","href":"https:\/\/api.w.org\/{rel}","templated":true}]}}