{"id":5992,"date":"2021-02-10T17:06:48","date_gmt":"2021-02-10T20:06:48","guid":{"rendered":"http:\/\/gobierno.udd.cl\/cpp\/?p=5992"},"modified":"2021-03-02T17:30:05","modified_gmt":"2021-03-02T20:30:05","slug":"programa-directo-al-grano-4","status":"publish","type":"post","link":"https:\/\/gobierno.udd.cl\/cpp\/noticias\/2021\/02\/10\/programa-directo-al-grano-4\/","title":{"rendered":"Programa \u00abDirecto al grano\u00bb"},"content":{"rendered":"\n<h4 class=\"wp-block-heading\">An\u00e1lisis pol\u00edtico de la actualidad nacional &#8211; Bloque 1<\/h4>\n\n\n<audio class=\"wp-audio-shortcode\" id=\"audio-5992-1\" preload=\"none\" style=\"width: 100%;\" controls=\"controls\"><source type=\"audio\/mpeg\" src=\"https:\/\/conectamedia.s3.amazonaws.com\/6023d619a8f8f704b39ec2d1.mp3?_=1\" \/><a href=\"https:\/\/conectamedia.s3.amazonaws.com\/6023d619a8f8f704b39ec2d1.mp3\">https:\/\/conectamedia.s3.amazonaws.com\/6023d619a8f8f704b39ec2d1.mp3<\/a><\/audio>\n\n\n<h4 class=\"wp-block-heading\">An\u00e1lisis pol\u00edtico de la actualidad nacional &#8211; Bloque 2<\/h4>\n\n\n<audio class=\"wp-audio-shortcode\" id=\"audio-5992-2\" preload=\"none\" style=\"width: 100%;\" controls=\"controls\"><source type=\"audio\/mpeg\" src=\"https:\/\/conectamedia.s3.amazonaws.com\/6023da54a8f8f704bd7cb8de.mp3?_=2\" \/><a href=\"https:\/\/conectamedia.s3.amazonaws.com\/6023da54a8f8f704bd7cb8de.mp3\">https:\/\/conectamedia.s3.amazonaws.com\/6023da54a8f8f704bd7cb8de.mp3<\/a><\/audio>\n\n\n<h4 class=\"wp-block-heading\">An\u00e1lisis pol\u00edtico de la actualidad nacional &#8211; Bloque 3<\/h4>\n\n\n<audio class=\"wp-audio-shortcode\" id=\"audio-5992-3\" preload=\"none\" style=\"width: 100%;\" controls=\"controls\"><source type=\"audio\/mpeg\" src=\"https:\/\/conectamedia.s3.amazonaws.com\/6023df60a8f8f704b2f0b0c1.mp3?_=3\" \/><a href=\"https:\/\/conectamedia.s3.amazonaws.com\/6023df60a8f8f704b2f0b0c1.mp3\">https:\/\/conectamedia.s3.amazonaws.com\/6023df60a8f8f704b2f0b0c1.mp3<\/a><\/audio>","protected":false},"excerpt":{"rendered":"<p>Conduce: Gonzalo M\u00fcller, director Centro de Pol\u00edticas P\u00fablicas UDD<\/p>\n","protected":false},"author":22,"featured_media":5939,"comment_status":"open","ping_status":"open","sticky":false,"template":"","format":"standard","meta":{"footnotes":""},"categories":[10162],"tags":[],"class_list":["post-5992","post","type-post","status-publish","format-standard","has-post-thumbnail","hentry","category-centro-en-la-prensa"],"featured_image_url":"https:\/\/gobierno.udd.cl\/cpp\/files\/2020\/11\/Dise\u00f1o-sin-t\u00edtulo-12.png","_links":{"self":[{"href":"https:\/\/gobierno.udd.cl\/cpp\/wp-json\/wp\/v2\/posts\/5992","targetHints":{"allow":["GET"]}}],"collection":[{"href":"https:\/\/gobierno.udd.cl\/cpp\/wp-json\/wp\/v2\/posts"}],"about":[{"href":"https:\/\/gobierno.udd.cl\/cpp\/wp-json\/wp\/v2\/types\/post"}],"author":[{"embeddable":true,"href":"https:\/\/gobierno.udd.cl\/cpp\/wp-json\/wp\/v2\/users\/22"}],"replies":[{"embeddable":true,"href":"https:\/\/gobierno.udd.cl\/cpp\/wp-json\/wp\/v2\/comments?post=5992"}],"version-history":[{"count":2,"href":"https:\/\/gobierno.udd.cl\/cpp\/wp-json\/wp\/v2\/posts\/5992\/revisions"}],"predecessor-version":[{"id":5998,"href":"https:\/\/gobierno.udd.cl\/cpp\/wp-json\/wp\/v2\/posts\/5992\/revisions\/5998"}],"wp:featuredmedia":[{"embeddable":true,"href":"https:\/\/gobierno.udd.cl\/cpp\/wp-json\/wp\/v2\/media\/5939"}],"wp:attachment":[{"href":"https:\/\/gobierno.udd.cl\/cpp\/wp-json\/wp\/v2\/media?parent=5992"}],"wp:term":[{"taxonomy":"category","embeddable":true,"href":"https:\/\/gobierno.udd.cl\/cpp\/wp-json\/wp\/v2\/categories?post=5992"},{"taxonomy":"post_tag","embeddable":true,"href":"https:\/\/gobierno.udd.cl\/cpp\/wp-json\/wp\/v2\/tags?post=5992"}],"curies":[{"name":"wp","href":"https:\/\/api.w.org\/{rel}","templated":true}]}}