{"id":5988,"date":"2021-01-21T14:50:00","date_gmt":"2021-01-21T17:50:00","guid":{"rendered":"http:\/\/gobierno.udd.cl\/cpp\/?p=5988"},"modified":"2021-01-26T14:50:51","modified_gmt":"2021-01-26T17:50:51","slug":"programa-directo-al-grano-2","status":"publish","type":"post","link":"https:\/\/gobierno.udd.cl\/cpp\/noticias\/2021\/01\/21\/programa-directo-al-grano-2\/","title":{"rendered":"Programa \u00abDirecto al grano\u00bb"},"content":{"rendered":"\n<p> El panel se refiere a la derrota electoral de Donald Trump en Estados Unidos, los logros y fracasos de su Gobierno, su estilo y su futuro pol\u00edtico. Adem\u00e1s abordan el rol de las redes sociales de internet en la difusi\u00f3n de mensajes pol\u00edticos y su incidencia en los liderazgos y antagonismos, y el manejo comercial de esas redes. <\/p>\n\n\n<audio class=\"wp-audio-shortcode\" id=\"audio-5988-1\" preload=\"none\" style=\"width: 100%;\" controls=\"controls\"><source type=\"audio\/mpeg\" src=\"https:\/\/conectamedia.s3.amazonaws.com\/60097bfaa8f8f7019fee14a5.mp3?_=1\" \/><a href=\"https:\/\/conectamedia.s3.amazonaws.com\/60097bfaa8f8f7019fee14a5.mp3\">https:\/\/conectamedia.s3.amazonaws.com\/60097bfaa8f8f7019fee14a5.mp3<\/a><\/audio>","protected":false},"excerpt":{"rendered":"<p>Conduce: Gonzalo M\u00fcller, director Centro de Pol\u00edticas P\u00fablicas UDD. <\/p>\n","protected":false},"author":22,"featured_media":5939,"comment_status":"open","ping_status":"open","sticky":false,"template":"","format":"standard","meta":{"footnotes":""},"categories":[10162],"tags":[],"class_list":["post-5988","post","type-post","status-publish","format-standard","has-post-thumbnail","hentry","category-centro-en-la-prensa"],"featured_image_url":"https:\/\/gobierno.udd.cl\/cpp\/files\/2020\/11\/Dise\u00f1o-sin-t\u00edtulo-12.png","_links":{"self":[{"href":"https:\/\/gobierno.udd.cl\/cpp\/wp-json\/wp\/v2\/posts\/5988","targetHints":{"allow":["GET"]}}],"collection":[{"href":"https:\/\/gobierno.udd.cl\/cpp\/wp-json\/wp\/v2\/posts"}],"about":[{"href":"https:\/\/gobierno.udd.cl\/cpp\/wp-json\/wp\/v2\/types\/post"}],"author":[{"embeddable":true,"href":"https:\/\/gobierno.udd.cl\/cpp\/wp-json\/wp\/v2\/users\/22"}],"replies":[{"embeddable":true,"href":"https:\/\/gobierno.udd.cl\/cpp\/wp-json\/wp\/v2\/comments?post=5988"}],"version-history":[{"count":1,"href":"https:\/\/gobierno.udd.cl\/cpp\/wp-json\/wp\/v2\/posts\/5988\/revisions"}],"predecessor-version":[{"id":5989,"href":"https:\/\/gobierno.udd.cl\/cpp\/wp-json\/wp\/v2\/posts\/5988\/revisions\/5989"}],"wp:featuredmedia":[{"embeddable":true,"href":"https:\/\/gobierno.udd.cl\/cpp\/wp-json\/wp\/v2\/media\/5939"}],"wp:attachment":[{"href":"https:\/\/gobierno.udd.cl\/cpp\/wp-json\/wp\/v2\/media?parent=5988"}],"wp:term":[{"taxonomy":"category","embeddable":true,"href":"https:\/\/gobierno.udd.cl\/cpp\/wp-json\/wp\/v2\/categories?post=5988"},{"taxonomy":"post_tag","embeddable":true,"href":"https:\/\/gobierno.udd.cl\/cpp\/wp-json\/wp\/v2\/tags?post=5988"}],"curies":[{"name":"wp","href":"https:\/\/api.w.org\/{rel}","templated":true}]}}