{"id":5847,"date":"2020-11-20T12:51:00","date_gmt":"2020-11-20T15:51:00","guid":{"rendered":"http:\/\/gobierno.udd.cl\/cpp\/?p=5847"},"modified":"2020-12-01T20:39:33","modified_gmt":"2020-12-01T23:39:33","slug":"programa-conectados-en-agricultura-radio-agricultura-2","status":"publish","type":"post","link":"https:\/\/gobierno.udd.cl\/cpp\/noticias\/2020\/11\/20\/programa-conectados-en-agricultura-radio-agricultura-2\/","title":{"rendered":"Programa \u00abConectados en Agricultura\u00bb"},"content":{"rendered":"\n<h3 class=\"wp-block-heading\"><strong>Conversaci\u00f3n con Gonzalo M\u00fcller sobre contingencia nacional<br> <\/strong><\/h3>\n\n\n<audio class=\"wp-audio-shortcode\" id=\"audio-5847-1\" preload=\"none\" style=\"width: 100%;\" controls=\"controls\"><source type=\"audio\/mpeg\" src=\"https:\/\/conectamedia.s3.amazonaws.com\/5fb7d74aa8f8f703fb1cea3b.mp3?_=1\" \/><a href=\"https:\/\/conectamedia.s3.amazonaws.com\/5fb7d74aa8f8f703fb1cea3b.mp3\">https:\/\/conectamedia.s3.amazonaws.com\/5fb7d74aa8f8f703fb1cea3b.mp3<\/a><\/audio>\n\n\n<h3 class=\"wp-block-heading\"><strong>Conversaci\u00f3n con Gonzalo M\u00fcller sobre pol\u00edtica y actualidad nacional<\/strong><\/h3>\n\n\n<audio class=\"wp-audio-shortcode\" id=\"audio-5847-2\" preload=\"none\" style=\"width: 100%;\" controls=\"controls\"><source type=\"audio\/mpeg\" src=\"https:\/\/conectamedia.s3.amazonaws.com\/5fb7da81a8f8f703ea6aba34.mp3?_=2\" \/><a href=\"https:\/\/conectamedia.s3.amazonaws.com\/5fb7da81a8f8f703ea6aba34.mp3\">https:\/\/conectamedia.s3.amazonaws.com\/5fb7da81a8f8f703ea6aba34.mp3<\/a><\/audio>\n\n\n<h3 class=\"wp-block-heading\"><strong>Conversaci\u00f3n con Gonzalo M\u00fcller sobre la gesti\u00f3n de la UDI y el Sename<\/strong><\/h3>\n\n\n<audio class=\"wp-audio-shortcode\" id=\"audio-5847-3\" preload=\"none\" style=\"width: 100%;\" controls=\"controls\"><source type=\"audio\/mpeg\" src=\"https:\/\/conectamedia.s3.amazonaws.com\/5fb7ddb7a8f8f703f25ed504.mp3?_=3\" \/><a href=\"https:\/\/conectamedia.s3.amazonaws.com\/5fb7ddb7a8f8f703f25ed504.mp3\">https:\/\/conectamedia.s3.amazonaws.com\/5fb7ddb7a8f8f703f25ed504.mp3<\/a><\/audio>\n\n\n<h3 class=\"wp-block-heading\">Conversaci\u00f3n con Diego Schalper sobre pol\u00edtica y actualidad<\/h3>\n\n\n<audio class=\"wp-audio-shortcode\" id=\"audio-5847-4\" preload=\"none\" style=\"width: 100%;\" controls=\"controls\"><source type=\"audio\/mpeg\" src=\"https:\/\/conectamedia.s3.amazonaws.com\/5fb7e70da8f8f703f9dbba3c.mp3?_=4\" \/><a href=\"https:\/\/conectamedia.s3.amazonaws.com\/5fb7e70da8f8f703f9dbba3c.mp3\">https:\/\/conectamedia.s3.amazonaws.com\/5fb7e70da8f8f703f9dbba3c.mp3<\/a><\/audio>","protected":false},"excerpt":{"rendered":"<p>Conversaci\u00f3n con Gonzalo M\u00fcller sobre contingencia nacional Conversaci\u00f3n con Gonzalo M\u00fcller sobre pol\u00edtica y actualidad nacional Conversaci\u00f3n con Gonzalo M\u00fcller sobre la gesti\u00f3n de la UDI y el Sename Conversaci\u00f3n con Diego Schalper sobre pol\u00edtica y actualidad<\/p>\n","protected":false},"author":22,"featured_media":5939,"comment_status":"open","ping_status":"open","sticky":false,"template":"","format":"standard","meta":{"footnotes":""},"categories":[10162],"tags":[],"class_list":["post-5847","post","type-post","status-publish","format-standard","has-post-thumbnail","hentry","category-centro-en-la-prensa"],"featured_image_url":"https:\/\/gobierno.udd.cl\/cpp\/files\/2020\/11\/Dise\u00f1o-sin-t\u00edtulo-12.png","_links":{"self":[{"href":"https:\/\/gobierno.udd.cl\/cpp\/wp-json\/wp\/v2\/posts\/5847","targetHints":{"allow":["GET"]}}],"collection":[{"href":"https:\/\/gobierno.udd.cl\/cpp\/wp-json\/wp\/v2\/posts"}],"about":[{"href":"https:\/\/gobierno.udd.cl\/cpp\/wp-json\/wp\/v2\/types\/post"}],"author":[{"embeddable":true,"href":"https:\/\/gobierno.udd.cl\/cpp\/wp-json\/wp\/v2\/users\/22"}],"replies":[{"embeddable":true,"href":"https:\/\/gobierno.udd.cl\/cpp\/wp-json\/wp\/v2\/comments?post=5847"}],"version-history":[{"count":2,"href":"https:\/\/gobierno.udd.cl\/cpp\/wp-json\/wp\/v2\/posts\/5847\/revisions"}],"predecessor-version":[{"id":5940,"href":"https:\/\/gobierno.udd.cl\/cpp\/wp-json\/wp\/v2\/posts\/5847\/revisions\/5940"}],"wp:featuredmedia":[{"embeddable":true,"href":"https:\/\/gobierno.udd.cl\/cpp\/wp-json\/wp\/v2\/media\/5939"}],"wp:attachment":[{"href":"https:\/\/gobierno.udd.cl\/cpp\/wp-json\/wp\/v2\/media?parent=5847"}],"wp:term":[{"taxonomy":"category","embeddable":true,"href":"https:\/\/gobierno.udd.cl\/cpp\/wp-json\/wp\/v2\/categories?post=5847"},{"taxonomy":"post_tag","embeddable":true,"href":"https:\/\/gobierno.udd.cl\/cpp\/wp-json\/wp\/v2\/tags?post=5847"}],"curies":[{"name":"wp","href":"https:\/\/api.w.org\/{rel}","templated":true}]}}