{"id":5834,"date":"2020-10-29T11:54:00","date_gmt":"2020-10-29T14:54:00","guid":{"rendered":"http:\/\/gobierno.udd.cl\/cpp\/?p=5834"},"modified":"2020-12-01T20:38:55","modified_gmt":"2020-12-01T23:38:55","slug":"muller-el-partido-no-se-puede-conformar-con-un-21","status":"publish","type":"post","link":"https:\/\/gobierno.udd.cl\/cpp\/noticias\/2020\/10\/29\/muller-el-partido-no-se-puede-conformar-con-un-21\/","title":{"rendered":"M\u00fcller: \u201cEl partido no se puede conformar con un 21%\u201d"},"content":{"rendered":"\n<p> El acad\u00e9mico de la&nbsp;UDD, militante UDI y consejero de Lav\u00edn,&nbsp;Gonzalo&nbsp;M\u00fcller, es uno de los que tambi\u00e9n promueve una autocr\u00edtica. <\/p>\n\n\n<p><a href=\"https:\/\/gobierno.udd.cl\/cpp\/files\/2020\/11\/2020-10-29_LA3SGQ9T.jpg\"><img loading=\"lazy\" decoding=\"async\" class=\"size-medium wp-image-5835 aligncenter\" src=\"https:\/\/gobierno.udd.cl\/cpp\/files\/2020\/11\/2020-10-29_LA3SGQ9T-231x300.jpg\" alt=\"\" width=\"231\" height=\"300\" srcset=\"https:\/\/gobierno.udd.cl\/cpp\/files\/2020\/11\/2020-10-29_LA3SGQ9T-231x300.jpg 231w, https:\/\/gobierno.udd.cl\/cpp\/files\/2020\/11\/2020-10-29_LA3SGQ9T-790x1024.jpg 790w, https:\/\/gobierno.udd.cl\/cpp\/files\/2020\/11\/2020-10-29_LA3SGQ9T-768x996.jpg 768w, https:\/\/gobierno.udd.cl\/cpp\/files\/2020\/11\/2020-10-29_LA3SGQ9T-1185x1536.jpg 1185w, https:\/\/gobierno.udd.cl\/cpp\/files\/2020\/11\/2020-10-29_LA3SGQ9T.jpg 1440w\" sizes=\"auto, (max-width: 231px) 100vw, 231px\" \/><\/a><\/p>","protected":false},"excerpt":{"rendered":"<p>El acad\u00e9mico de la&nbsp;UDD, militante UDI y consejero de Lav\u00edn,&nbsp;Gonzalo&nbsp;M\u00fcller, es uno de los que tambi\u00e9n promueve una autocr\u00edtica.<\/p>\n","protected":false},"author":22,"featured_media":5937,"comment_status":"open","ping_status":"open","sticky":false,"template":"","format":"standard","meta":{"footnotes":""},"categories":[10162],"tags":[],"class_list":["post-5834","post","type-post","status-publish","format-standard","has-post-thumbnail","hentry","category-centro-en-la-prensa"],"featured_image_url":"https:\/\/gobierno.udd.cl\/cpp\/files\/2020\/10\/Dise\u00f1o-sin-t\u00edtulo-6.png","_links":{"self":[{"href":"https:\/\/gobierno.udd.cl\/cpp\/wp-json\/wp\/v2\/posts\/5834","targetHints":{"allow":["GET"]}}],"collection":[{"href":"https:\/\/gobierno.udd.cl\/cpp\/wp-json\/wp\/v2\/posts"}],"about":[{"href":"https:\/\/gobierno.udd.cl\/cpp\/wp-json\/wp\/v2\/types\/post"}],"author":[{"embeddable":true,"href":"https:\/\/gobierno.udd.cl\/cpp\/wp-json\/wp\/v2\/users\/22"}],"replies":[{"embeddable":true,"href":"https:\/\/gobierno.udd.cl\/cpp\/wp-json\/wp\/v2\/comments?post=5834"}],"version-history":[{"count":3,"href":"https:\/\/gobierno.udd.cl\/cpp\/wp-json\/wp\/v2\/posts\/5834\/revisions"}],"predecessor-version":[{"id":5938,"href":"https:\/\/gobierno.udd.cl\/cpp\/wp-json\/wp\/v2\/posts\/5834\/revisions\/5938"}],"wp:featuredmedia":[{"embeddable":true,"href":"https:\/\/gobierno.udd.cl\/cpp\/wp-json\/wp\/v2\/media\/5937"}],"wp:attachment":[{"href":"https:\/\/gobierno.udd.cl\/cpp\/wp-json\/wp\/v2\/media?parent=5834"}],"wp:term":[{"taxonomy":"category","embeddable":true,"href":"https:\/\/gobierno.udd.cl\/cpp\/wp-json\/wp\/v2\/categories?post=5834"},{"taxonomy":"post_tag","embeddable":true,"href":"https:\/\/gobierno.udd.cl\/cpp\/wp-json\/wp\/v2\/tags?post=5834"}],"curies":[{"name":"wp","href":"https:\/\/api.w.org\/{rel}","templated":true}]}}