{"id":5826,"date":"2020-10-27T12:39:00","date_gmt":"2020-10-27T15:39:00","guid":{"rendered":"http:\/\/gobierno.udd.cl\/cpp\/?p=5826"},"modified":"2020-12-01T20:46:52","modified_gmt":"2020-12-01T23:46:52","slug":"punto-de-partida-arranca-la-carrera-presidencial-la-tercera","status":"publish","type":"post","link":"https:\/\/gobierno.udd.cl\/cpp\/noticias\/2020\/10\/27\/punto-de-partida-arranca-la-carrera-presidencial-la-tercera\/","title":{"rendered":"Punto de partida: Arranca la carrera presidencial"},"content":{"rendered":"<p style=\"text-align: justify;\">En los partidos pol\u00edticos hay consenso de que esta semana comenzar\u00e1 a manifestarse una suerte de ansiedad por la carrera presidencial y que ser\u00e1 muy dif\u00edcil contener a los cada vez m\u00e1s numerosos aspirantes a La Moneda.<\/p>\n<p>\u00abVamos a ver una urgencia por instalarse, porque muchos candidatos sienten que se les acaba el tiempo. Si no est\u00e1n posicionados de aqu\u00ed a diciembre ya no tendr\u00e1n espacio, pues despu\u00e9s el pa\u00eds entrar\u00e1 en la contienda por los constituyentes y las municipales\u00bb, afirma en el analista pol\u00edtico Gonzalo M\u00fcller, quien adem\u00e1s asesora a Joaqu\u00edn Lav\u00edn, la principal carta del oficialismo y que se jug\u00f3 por el Apruebo. De hecho, Lav\u00edn tuvo el domingo una suerte de debut en este nuevo escenario, al compartir escena con la figura m\u00e1s fuerte de la oposici\u00f3n, Daniel Jadue, en Tolerancia Cero.<\/p>\n<p>En la oposici\u00f3n el naipe est\u00e1 abierto. Por lo pronto, el mi\u00e9rcoles 28 de octubre, a eso de las 11 de la ma\u00f1ana, en el restaurante El Hoyo -emblem\u00e1tico local de su familia-, ubicado en pleno centro de Santiago, Heraldo Mu\u00f1oz lanzar\u00e1 su precandidatura presidencial. La decisi\u00f3n del excanciller ya movi\u00f3 las aguas dentro del PPD y llev\u00f3 a Francisco Vidal a anticipar su deseo por entrar en una competencia a la que podr\u00edan sumarse otras figuras, como el exdiputado Jorge Tarud, quien ya pidi\u00f3 a su partido ser incluido, mientras que los senadores Felipe Harboe y Ricardo Lagos Weber no han descartado sumarse a esta pelea que debiera ser zanjada durante el pr\u00f3ximo consejo general del PPD previsto para diciembre.<\/p>\n<p>El apuro en el PPD por posicionar un liderazgo presidencial en la centroizquierda no ha sido bien visto en el PS. \u00abCon el nivel de dispersi\u00f3n que hay, con peque\u00f1os liderazgos, solo se va a incrementar la divisi\u00f3n de la oposici\u00f3n, en momentos en que las prioridades debieran estar puestas en las primarias de gobernadores y en las negociaciones para cerrar las planillas de candidatos a constituyentes y a las municipales\u00bb, se\u00f1ala el secretario general del PS, Andr\u00e9s Santander.<\/p>\n<p>Para el analista pol\u00edtico Max Colodro, es claro que a partir de hoy los tiempos de la presidencial se van a anticipar, pero no cree que los resultados del plebiscito vayan a incidir en esta carrera.<\/p>\n<p>Una opini\u00f3n similar manifiesta el experto electoral Mauricio Morales: \u00abEl resultado del plebiscito no afectar\u00e1 ni positiva ni negativamente a los candidatos de centroizquierda, porque la opci\u00f3n Apruebo era un\u00e1nime en este sector. En la centroderecha los candidatos que estuvieron por el Rechazo ser\u00e1n claros perdedores, pero insistir\u00e1n en sus candidaturas de nicho\u00bb, asevera.<\/p>\n<p>La paradoja es que tras el triunfo del Apruebo y el inicio del proceso constituyente, quien resulte electo en las presidenciales de diciembre de 2021, podr\u00eda enfrentar un escenario distinto y su mandato ser m\u00e1s acotado. As\u00ed lo advierte el abogado constitucionalista Gabriel Osorio, quien particip\u00f3 en la comisi\u00f3n que redact\u00f3 la reforma constitucional que materializ\u00f3 el acuerdo del 15 de noviembre. \u00abEstamos todos preocupados de la presidencial y podr\u00eda ocurrir que el Presidente que elijamos en diciembre de 2021 no dure nada, porque la nueva Constituci\u00f3n obligue a una nueva elecci\u00f3n. No se tom\u00f3 en cuenta que la nueva Carta Magna podr\u00eda fijar un &#8216;reseteo&#8217; de todo el mapa institucional y obligar a elecciones generales de todos los cargos uninominales\u00bb, remarc\u00f3.<\/p>\n<p><a href=\"https:\/\/gobierno.udd.cl\/cpp\/files\/2020\/10\/2020-10-27_8_v1_2684_3711_e6e2e2-scaled.jpg\"><img loading=\"lazy\" decoding=\"async\" class=\"size-medium wp-image-5827 aligncenter\" src=\"https:\/\/gobierno.udd.cl\/cpp\/files\/2020\/10\/2020-10-27_8_v1_2684_3711_e6e2e2-217x300.jpg\" alt=\"\" width=\"217\" height=\"300\" srcset=\"https:\/\/gobierno.udd.cl\/cpp\/files\/2020\/10\/2020-10-27_8_v1_2684_3711_e6e2e2-217x300.jpg 217w, https:\/\/gobierno.udd.cl\/cpp\/files\/2020\/10\/2020-10-27_8_v1_2684_3711_e6e2e2-741x1024.jpg 741w, https:\/\/gobierno.udd.cl\/cpp\/files\/2020\/10\/2020-10-27_8_v1_2684_3711_e6e2e2-768x1062.jpg 768w, https:\/\/gobierno.udd.cl\/cpp\/files\/2020\/10\/2020-10-27_8_v1_2684_3711_e6e2e2-1111x1536.jpg 1111w, https:\/\/gobierno.udd.cl\/cpp\/files\/2020\/10\/2020-10-27_8_v1_2684_3711_e6e2e2-1481x2048.jpg 1481w, https:\/\/gobierno.udd.cl\/cpp\/files\/2020\/10\/2020-10-27_8_v1_2684_3711_e6e2e2-scaled.jpg 1852w\" sizes=\"auto, (max-width: 217px) 100vw, 217px\" \/><\/a><\/p>\n","protected":false},"excerpt":{"rendered":"<p>El silencio autoimpuesto por varios presidenciables termin\u00f3 tras el triunfo del Apruebo y del mecanismo de la convenci\u00f3n constitucional.<\/p>\n","protected":false},"author":22,"featured_media":5945,"comment_status":"open","ping_status":"open","sticky":false,"template":"","format":"standard","meta":{"footnotes":""},"categories":[10162],"tags":[],"class_list":["post-5826","post","type-post","status-publish","format-standard","has-post-thumbnail","hentry","category-centro-en-la-prensa"],"featured_image_url":"https:\/\/gobierno.udd.cl\/cpp\/files\/2020\/10\/Dise\u00f1o-sin-t\u00edtulo-7.png","_links":{"self":[{"href":"https:\/\/gobierno.udd.cl\/cpp\/wp-json\/wp\/v2\/posts\/5826","targetHints":{"allow":["GET"]}}],"collection":[{"href":"https:\/\/gobierno.udd.cl\/cpp\/wp-json\/wp\/v2\/posts"}],"about":[{"href":"https:\/\/gobierno.udd.cl\/cpp\/wp-json\/wp\/v2\/types\/post"}],"author":[{"embeddable":true,"href":"https:\/\/gobierno.udd.cl\/cpp\/wp-json\/wp\/v2\/users\/22"}],"replies":[{"embeddable":true,"href":"https:\/\/gobierno.udd.cl\/cpp\/wp-json\/wp\/v2\/comments?post=5826"}],"version-history":[{"count":3,"href":"https:\/\/gobierno.udd.cl\/cpp\/wp-json\/wp\/v2\/posts\/5826\/revisions"}],"predecessor-version":[{"id":5946,"href":"https:\/\/gobierno.udd.cl\/cpp\/wp-json\/wp\/v2\/posts\/5826\/revisions\/5946"}],"wp:featuredmedia":[{"embeddable":true,"href":"https:\/\/gobierno.udd.cl\/cpp\/wp-json\/wp\/v2\/media\/5945"}],"wp:attachment":[{"href":"https:\/\/gobierno.udd.cl\/cpp\/wp-json\/wp\/v2\/media?parent=5826"}],"wp:term":[{"taxonomy":"category","embeddable":true,"href":"https:\/\/gobierno.udd.cl\/cpp\/wp-json\/wp\/v2\/categories?post=5826"},{"taxonomy":"post_tag","embeddable":true,"href":"https:\/\/gobierno.udd.cl\/cpp\/wp-json\/wp\/v2\/tags?post=5826"}],"curies":[{"name":"wp","href":"https:\/\/api.w.org\/{rel}","templated":true}]}}