{"id":5823,"date":"2020-10-26T12:36:00","date_gmt":"2020-10-26T15:36:00","guid":{"rendered":"http:\/\/gobierno.udd.cl\/cpp\/?p=5823"},"modified":"2020-12-01T20:51:44","modified_gmt":"2020-12-01T23:51:44","slug":"entrevista-gonzalo-muller-director-centro-de-politicas-publicas-udd-sobre-triunfo-del-apruebo-cnn","status":"publish","type":"post","link":"https:\/\/gobierno.udd.cl\/cpp\/noticias\/2020\/10\/26\/entrevista-gonzalo-muller-director-centro-de-politicas-publicas-udd-sobre-triunfo-del-apruebo-cnn\/","title":{"rendered":"Entrevista Gonzalo M\u00fcller, Director Centro de Pol\u00edticas P\u00fablicas UDD, sobre triunfo del Apruebo"},"content":{"rendered":"<p>An\u00e1lisis sobre el triunfo del Apruebo en el plebiscito,&nbsp; el proceso constituyente y el mensaje del electorado frente a la pol\u00edtica en general.<\/p>\n<div style=\"width: 640px;\" class=\"wp-video\"><video class=\"wp-video-shortcode\" id=\"video-5823-1\" width=\"640\" height=\"360\" preload=\"metadata\" controls=\"controls\"><source type=\"video\/mp4\" src=\"https:\/\/conectamedia.s3.amazonaws.com\/5f9756daa8f8f703f2db14f4.mp4?_=1\" \/><a href=\"https:\/\/conectamedia.s3.amazonaws.com\/5f9756daa8f8f703f2db14f4.mp4\">https:\/\/conectamedia.s3.amazonaws.com\/5f9756daa8f8f703f2db14f4.mp4<\/a><\/video><\/div>\n","protected":false},"excerpt":{"rendered":"<p>Habla: Gonzalo M\u00fcller, director Centro de Pol\u00edticas P\u00fablicas, UDD. <\/p>\n","protected":false},"author":22,"featured_media":5951,"comment_status":"open","ping_status":"open","sticky":false,"template":"","format":"standard","meta":{"footnotes":""},"categories":[10162],"tags":[],"class_list":["post-5823","post","type-post","status-publish","format-standard","has-post-thumbnail","hentry","category-centro-en-la-prensa"],"featured_image_url":"https:\/\/gobierno.udd.cl\/cpp\/files\/2020\/10\/Dise\u00f1o-sin-t\u00edtulo-17.png","_links":{"self":[{"href":"https:\/\/gobierno.udd.cl\/cpp\/wp-json\/wp\/v2\/posts\/5823","targetHints":{"allow":["GET"]}}],"collection":[{"href":"https:\/\/gobierno.udd.cl\/cpp\/wp-json\/wp\/v2\/posts"}],"about":[{"href":"https:\/\/gobierno.udd.cl\/cpp\/wp-json\/wp\/v2\/types\/post"}],"author":[{"embeddable":true,"href":"https:\/\/gobierno.udd.cl\/cpp\/wp-json\/wp\/v2\/users\/22"}],"replies":[{"embeddable":true,"href":"https:\/\/gobierno.udd.cl\/cpp\/wp-json\/wp\/v2\/comments?post=5823"}],"version-history":[{"count":2,"href":"https:\/\/gobierno.udd.cl\/cpp\/wp-json\/wp\/v2\/posts\/5823\/revisions"}],"predecessor-version":[{"id":5952,"href":"https:\/\/gobierno.udd.cl\/cpp\/wp-json\/wp\/v2\/posts\/5823\/revisions\/5952"}],"wp:featuredmedia":[{"embeddable":true,"href":"https:\/\/gobierno.udd.cl\/cpp\/wp-json\/wp\/v2\/media\/5951"}],"wp:attachment":[{"href":"https:\/\/gobierno.udd.cl\/cpp\/wp-json\/wp\/v2\/media?parent=5823"}],"wp:term":[{"taxonomy":"category","embeddable":true,"href":"https:\/\/gobierno.udd.cl\/cpp\/wp-json\/wp\/v2\/categories?post=5823"},{"taxonomy":"post_tag","embeddable":true,"href":"https:\/\/gobierno.udd.cl\/cpp\/wp-json\/wp\/v2\/tags?post=5823"}],"curies":[{"name":"wp","href":"https:\/\/api.w.org\/{rel}","templated":true}]}}