{"id":5814,"date":"2020-10-22T13:01:00","date_gmt":"2020-10-22T16:01:00","guid":{"rendered":"http:\/\/gobierno.udd.cl\/cpp\/?p=5814"},"modified":"2020-10-26T13:05:46","modified_gmt":"2020-10-26T16:05:46","slug":"programa-mentiras-verdaderas-la-red","status":"publish","type":"post","link":"https:\/\/gobierno.udd.cl\/cpp\/noticias\/2020\/10\/22\/programa-mentiras-verdaderas-la-red\/","title":{"rendered":"Programa \u00abMentiras Verdaderas\u00bb &#8211; La Red"},"content":{"rendered":"<h3>Plan Zeta: el informe sobre el estallido social que le entregaron a Pi\u00f1era<\/h3>\n<div style=\"width: 640px;\" class=\"wp-video\"><video class=\"wp-video-shortcode\" id=\"video-5814-1\" width=\"640\" height=\"360\" preload=\"metadata\" controls=\"controls\"><source type=\"video\/mp4\" src=\"https:\/\/conectamedia.s3.amazonaws.com\/5f926887a8f8f703f2da26de.mp4?_=1\" \/><a href=\"https:\/\/conectamedia.s3.amazonaws.com\/5f926887a8f8f703f2da26de.mp4\">https:\/\/conectamedia.s3.amazonaws.com\/5f926887a8f8f703f2da26de.mp4<\/a><\/video><\/div>\n<h3>Plan Zeta: el informe sobre el estallido social que le entregaron a Pi\u00f1era<\/h3>\n<div style=\"width: 640px;\" class=\"wp-video\"><video class=\"wp-video-shortcode\" id=\"video-5814-2\" width=\"640\" height=\"360\" preload=\"metadata\" controls=\"controls\"><source type=\"video\/mp4\" src=\"https:\/\/conectamedia.s3.amazonaws.com\/5f926a76a8f8f703eefbaaec.mp4?_=2\" \/><a href=\"https:\/\/conectamedia.s3.amazonaws.com\/5f926a76a8f8f703eefbaaec.mp4\">https:\/\/conectamedia.s3.amazonaws.com\/5f926a76a8f8f703eefbaaec.mp4<\/a><\/video><\/div>\n<h5>\u00a0<\/h5>\n\n\n<p><\/p>\n","protected":false},"excerpt":{"rendered":"<p>An\u00e1lisis del informe de Inteligencia sobre el estallido social que le entregaron al presidente Sebasti\u00e1n Pi\u00f1era. Habla: Gonzalo Muller, director del Centro de Pol\u00edticas P\u00fablicas UD<\/p>\n","protected":false},"author":22,"featured_media":4478,"comment_status":"open","ping_status":"open","sticky":false,"template":"","format":"standard","meta":{"footnotes":""},"categories":[10162],"tags":[],"class_list":["post-5814","post","type-post","status-publish","format-standard","has-post-thumbnail","hentry","category-centro-en-la-prensa"],"featured_image_url":"https:\/\/gobierno.udd.cl\/cpp\/files\/2019\/06\/Graficas_PoliticasPublicas-03.jpg","_links":{"self":[{"href":"https:\/\/gobierno.udd.cl\/cpp\/wp-json\/wp\/v2\/posts\/5814","targetHints":{"allow":["GET"]}}],"collection":[{"href":"https:\/\/gobierno.udd.cl\/cpp\/wp-json\/wp\/v2\/posts"}],"about":[{"href":"https:\/\/gobierno.udd.cl\/cpp\/wp-json\/wp\/v2\/types\/post"}],"author":[{"embeddable":true,"href":"https:\/\/gobierno.udd.cl\/cpp\/wp-json\/wp\/v2\/users\/22"}],"replies":[{"embeddable":true,"href":"https:\/\/gobierno.udd.cl\/cpp\/wp-json\/wp\/v2\/comments?post=5814"}],"version-history":[{"count":4,"href":"https:\/\/gobierno.udd.cl\/cpp\/wp-json\/wp\/v2\/posts\/5814\/revisions"}],"predecessor-version":[{"id":5818,"href":"https:\/\/gobierno.udd.cl\/cpp\/wp-json\/wp\/v2\/posts\/5814\/revisions\/5818"}],"wp:featuredmedia":[{"embeddable":true,"href":"https:\/\/gobierno.udd.cl\/cpp\/wp-json\/wp\/v2\/media\/4478"}],"wp:attachment":[{"href":"https:\/\/gobierno.udd.cl\/cpp\/wp-json\/wp\/v2\/media?parent=5814"}],"wp:term":[{"taxonomy":"category","embeddable":true,"href":"https:\/\/gobierno.udd.cl\/cpp\/wp-json\/wp\/v2\/categories?post=5814"},{"taxonomy":"post_tag","embeddable":true,"href":"https:\/\/gobierno.udd.cl\/cpp\/wp-json\/wp\/v2\/tags?post=5814"}],"curies":[{"name":"wp","href":"https:\/\/api.w.org\/{rel}","templated":true}]}}