{"id":5808,"date":"2020-10-14T15:22:00","date_gmt":"2020-10-14T18:22:00","guid":{"rendered":"http:\/\/gobierno.udd.cl\/cpp\/?p=5808"},"modified":"2020-10-21T15:22:49","modified_gmt":"2020-10-21T18:22:49","slug":"18-o-el-acto-que-complica-a-la-moneda-mega","status":"publish","type":"post","link":"https:\/\/gobierno.udd.cl\/cpp\/noticias\/2020\/10\/14\/18-o-el-acto-que-complica-a-la-moneda-mega\/","title":{"rendered":"18-O: El acto que complica a La Moneda &#8211; Mega"},"content":{"rendered":"<p style=\"text-align: justify;\">El aniversario del estallido social es una fecha que est\u00e1 en la mira del gobierno. El Presidente Pi\u00f1era no quiere quedar ajeno a la fecha y baraja diversas opciones para el domingo.<\/p>\n<div style=\"width: 640px;\" class=\"wp-video\"><video class=\"wp-video-shortcode\" id=\"video-5808-1\" width=\"640\" height=\"360\" preload=\"metadata\" controls=\"controls\"><source type=\"video\/mp4\" src=\"https:\/\/conectamedia.s3.amazonaws.com\/5f87bd03a8f8f703ebba1cc2.mp4?_=1\" \/><a href=\"https:\/\/conectamedia.s3.amazonaws.com\/5f87bd03a8f8f703ebba1cc2.mp4\">https:\/\/conectamedia.s3.amazonaws.com\/5f87bd03a8f8f703ebba1cc2.mp4<\/a><\/video><\/div>\n","protected":false},"excerpt":{"rendered":"<p>Habla: Gonzalo M\u00fcller, director Centro de Pol\u00edticas P\u00fablicas UDD. <\/p>\n","protected":false},"author":22,"featured_media":4478,"comment_status":"open","ping_status":"open","sticky":false,"template":"","format":"standard","meta":{"footnotes":""},"categories":[10162],"tags":[],"class_list":["post-5808","post","type-post","status-publish","format-standard","has-post-thumbnail","hentry","category-centro-en-la-prensa"],"featured_image_url":"https:\/\/gobierno.udd.cl\/cpp\/files\/2019\/06\/Graficas_PoliticasPublicas-03.jpg","_links":{"self":[{"href":"https:\/\/gobierno.udd.cl\/cpp\/wp-json\/wp\/v2\/posts\/5808","targetHints":{"allow":["GET"]}}],"collection":[{"href":"https:\/\/gobierno.udd.cl\/cpp\/wp-json\/wp\/v2\/posts"}],"about":[{"href":"https:\/\/gobierno.udd.cl\/cpp\/wp-json\/wp\/v2\/types\/post"}],"author":[{"embeddable":true,"href":"https:\/\/gobierno.udd.cl\/cpp\/wp-json\/wp\/v2\/users\/22"}],"replies":[{"embeddable":true,"href":"https:\/\/gobierno.udd.cl\/cpp\/wp-json\/wp\/v2\/comments?post=5808"}],"version-history":[{"count":1,"href":"https:\/\/gobierno.udd.cl\/cpp\/wp-json\/wp\/v2\/posts\/5808\/revisions"}],"predecessor-version":[{"id":5809,"href":"https:\/\/gobierno.udd.cl\/cpp\/wp-json\/wp\/v2\/posts\/5808\/revisions\/5809"}],"wp:featuredmedia":[{"embeddable":true,"href":"https:\/\/gobierno.udd.cl\/cpp\/wp-json\/wp\/v2\/media\/4478"}],"wp:attachment":[{"href":"https:\/\/gobierno.udd.cl\/cpp\/wp-json\/wp\/v2\/media?parent=5808"}],"wp:term":[{"taxonomy":"category","embeddable":true,"href":"https:\/\/gobierno.udd.cl\/cpp\/wp-json\/wp\/v2\/categories?post=5808"},{"taxonomy":"post_tag","embeddable":true,"href":"https:\/\/gobierno.udd.cl\/cpp\/wp-json\/wp\/v2\/tags?post=5808"}],"curies":[{"name":"wp","href":"https:\/\/api.w.org\/{rel}","templated":true}]}}