{"id":5595,"date":"2020-08-04T16:19:29","date_gmt":"2020-08-04T20:19:29","guid":{"rendered":"http:\/\/gobierno.udd.cl\/cpp\/?p=5595"},"modified":"2020-08-04T16:19:29","modified_gmt":"2020-08-04T20:19:29","slug":"agenda-emoltv-con-gonzalo-muller-pamela-figueroa-y-max-colodro-emoltv","status":"publish","type":"post","link":"https:\/\/gobierno.udd.cl\/cpp\/noticias\/2020\/08\/04\/agenda-emoltv-con-gonzalo-muller-pamela-figueroa-y-max-colodro-emoltv\/","title":{"rendered":"Agenda EmolTV con Gonzalo M\u00fcller, Pamela Figueroa y Max Colodro &#8211; EmolTV"},"content":{"rendered":"<p>Sigue la conversaci\u00f3n junto a los analistas pol\u00edticos, quienes abordar\u00e1n el \u00faltimo cambio de gabinete, la Cuenta P\u00fablica y la contingencia.<\/p>\n<p><div style=\"width: 640px;\" class=\"wp-video\"><video class=\"wp-video-shortcode\" id=\"video-5595-1\" width=\"640\" height=\"360\" preload=\"metadata\" controls=\"controls\"><source type=\"video\/mp4\" src=\"http:\/\/\/\/videosetv.ecn.cl\/EMOLTV_V2_20200804220956682_480p.mp4?_=1\" \/><a href=\"http:\/\/\/\/videosetv.ecn.cl\/EMOLTV_V2_20200804220956682_480p.mp4\">http:\/\/\/\/videosetv.ecn.cl\/EMOLTV_V2_20200804220956682_480p.mp4<\/a><\/video><\/div><br \/><\/p>\n","protected":false},"excerpt":{"rendered":"<p>Invitado: Gonzalo M\u00fcller, director Centro de Pol\u00edticas P\u00fablicas UDD. <\/p>\n","protected":false},"author":0,"featured_media":4478,"comment_status":"open","ping_status":"open","sticky":false,"template":"","format":"standard","meta":{"footnotes":""},"categories":[10162],"tags":[],"class_list":["post-5595","post","type-post","status-publish","format-standard","has-post-thumbnail","hentry","category-centro-en-la-prensa"],"featured_image_url":"https:\/\/gobierno.udd.cl\/cpp\/files\/2019\/06\/Graficas_PoliticasPublicas-03.jpg","_links":{"self":[{"href":"https:\/\/gobierno.udd.cl\/cpp\/wp-json\/wp\/v2\/posts\/5595","targetHints":{"allow":["GET"]}}],"collection":[{"href":"https:\/\/gobierno.udd.cl\/cpp\/wp-json\/wp\/v2\/posts"}],"about":[{"href":"https:\/\/gobierno.udd.cl\/cpp\/wp-json\/wp\/v2\/types\/post"}],"replies":[{"embeddable":true,"href":"https:\/\/gobierno.udd.cl\/cpp\/wp-json\/wp\/v2\/comments?post=5595"}],"version-history":[{"count":0,"href":"https:\/\/gobierno.udd.cl\/cpp\/wp-json\/wp\/v2\/posts\/5595\/revisions"}],"wp:featuredmedia":[{"embeddable":true,"href":"https:\/\/gobierno.udd.cl\/cpp\/wp-json\/wp\/v2\/media\/4478"}],"wp:attachment":[{"href":"https:\/\/gobierno.udd.cl\/cpp\/wp-json\/wp\/v2\/media?parent=5595"}],"wp:term":[{"taxonomy":"category","embeddable":true,"href":"https:\/\/gobierno.udd.cl\/cpp\/wp-json\/wp\/v2\/categories?post=5595"},{"taxonomy":"post_tag","embeddable":true,"href":"https:\/\/gobierno.udd.cl\/cpp\/wp-json\/wp\/v2\/tags?post=5595"}],"curies":[{"name":"wp","href":"https:\/\/api.w.org\/{rel}","templated":true}]}}