{"id":5567,"date":"2020-06-15T12:48:01","date_gmt":"2020-06-15T16:48:01","guid":{"rendered":"http:\/\/gobierno.udd.cl\/cpp\/?p=5567"},"modified":"2020-06-15T12:48:01","modified_gmt":"2020-06-15T16:48:01","slug":"trastienda-las-cuatro-veces-que-el-acuerdo-estuvo-por-caerse-df","status":"publish","type":"post","link":"https:\/\/gobierno.udd.cl\/cpp\/noticias\/2020\/06\/15\/trastienda-las-cuatro-veces-que-el-acuerdo-estuvo-por-caerse-df\/","title":{"rendered":"Trastienda: Las cuatro veces que el acuerdo estuvo por caerse &#8211; DF"},"content":{"rendered":"<p style=\"text-align: justify;\">\u00abPresidente, tenemos un acuerdo\u00bb, le dijo telef\u00f3nicamente la madrugada del domingo el ministro de Hacienda, Ignacio Briones, al Presidente, Sebasti\u00e1n Pi\u00f1era. Minutos despu\u00e9s terminaba la \u00faltima reuni\u00f3n de la mesa negociadora: \u00abNo nos podemos dar la mano, pero ya tenemos la misi\u00f3n cumplida\u00bb, dijo uno de los senadores que integr\u00f3 la comisi\u00f3n de Hacienda ampliada en la sesi\u00f3n final la misma madruga del domingo que cerr\u00f3 definitivamente un acuerdo entre el gobierno y parte de la oposici\u00f3n para viabilizar medidas sociales y econ\u00f3micas en medio de la pandemia del coronavirus.<\/p>\n<p style=\"text-align: justify;\">Fueron dos semanas de negociaciones intensas en que el grupo liderado por los ministros Ignacio Briones (Hacienda), Claudio Alvarado (Segpres), y Cristi\u00e1n Monckeberg (Desarrollo Social), debieron extremar sus recursos para mantener en la mesa a su contraparte: los senadores de oposici\u00f3n Carlos Montes (PS), Jorge Pizarro (DC), Ricardo Lagos Weber (PPD) y el diputado Jos\u00e9 Miguel Ort\u00edz (DC). Por el oficialismo participaron los senadores Jos\u00e9 Garc\u00eda (RN) y Juan Antonio Coloma (UDI).<\/p>\n<p style=\"text-align: justify;\">La\u00a0mesa estuvo a punto de romperse en cuatro oportunidades, seg\u00fan cuentan sus protagonistas. La primera fue en la semana inicial cuando el ministro Briones propuso un marco fiscal que inclu\u00eda reasignaciones de hasta US$10 mil millones. La oposici\u00f3n en bloque le hizo ver al titular de Hacienda que los economistas Rodrigo Vald\u00e9s y Rodrigo Cerda en su documento hablaban de montos \u00abadicionales\u00bb. Cuanto todo indicaba que no hab\u00eda entendimiento, se lleg\u00f3 a que se pusiera en el acuerdo \u00abal pie de la letra\u00bb lo que dec\u00eda el texto de los economistas y en el caso de que hubiera subejecuci\u00f3n \u00e9sta se devengue al a\u00f1o siguiente. As\u00ed es que por primera vez en un acuerdo pol\u00edtico se incluye un gr\u00e1fico, el \u00fanico de las 14 p\u00e1ginas del texto.<\/p>\n<p style=\"text-align: justify;\">El segundo tema que casi rompe la mesa fue el de las rebajas tributarias que sugiri\u00f3 el Ejecutivo. La oposici\u00f3n marc\u00f3 el punto que en la exposici\u00f3n de Juan Andr\u00e9s Fontaine y Claudia Mart\u00ednez, no hablaban de rebajas, pero s\u00ed de incentivos. En definitiva, el gobierno debi\u00f3 eliminar la propuesta de un carry back (compensaci\u00f3n de p\u00e9rdidas) solo para empresas que hayan tenido p\u00e9rdidas en 2020 y permitir combinar esas p\u00e9rdidas con las utilidades obtenidas en 2019, para efectuar as\u00ed una devoluci\u00f3n transitoria de impuestos que corresponda.<\/p>\n<p style=\"text-align: justify;\">Otra piedra de tope fue los recursos adicionales para el sistema sanitario. Luego de algunas tratativas, el ministro de Hacienda, que siempre estuvo asesorado por el titular de la Dipres, Mat\u00edas Acevedo, dijo:\u00bb ya senadores, tengo $400 mil millones para el sector sanitario\u00bb.<\/p>\n<p style=\"text-align: justify;\">Pero la madre de las batallas fue el Ingreso Familiar de Emergencia y que se elevara a $100 mil por persona beneficiada. Briones quer\u00eda llegar a un tope de $90 mil, porque en sus c\u00e1lculos hab\u00eda que excluir la locomoci\u00f3n, pero al final fueron los propios senadores de RN y la UDI, quienes terminaron por convencer que la se\u00f1al pol\u00edtica era fijar en $100 mil por persona el IFE.<\/p>\n<p style=\"text-align: justify;\">Entre las an\u00e9cdotas se cuenta que hab\u00eda caf\u00e9 y bebidas energ\u00e9ticas en el centro de operaciones del ministerio de Hacienda para los negociadores, que las tres mujeres que participaron a nombre del Gobierno ten\u00edan su propio zoom: Ministra del Trabajo, Subsecretaria de Evaluaci\u00f3n Social y una asesora de la Dipres; y que al diputado Ortiz, que no tiene WhatsApp, le mandaban las claves para las reuniones virtuales a un familiar para que se conectara.<\/p>\n<p>Adem\u00e1s, los senadores de oposici\u00f3n contaron con comunicaci\u00f3n directa con un asesor desde Londres, quien cursa un doctorado en econom\u00eda, pero que segu\u00eda conectado v\u00eda zoom.<\/p>\n<p style=\"text-align: justify;\">Junto con destacar el buen punto que este acuerdo significar\u00e1 para el gobierno, analistas pol\u00edticos recordaron la necesidad de \u00abamarrarlos\u00bb en el Congreso de tal manera que se conviertan en ley r\u00e1pidamente.<\/p>\n<p style=\"text-align: justify;\">\u00abSi el acuerdo no se traduce en votos poco o nada vale\u00bb, advirti\u00f3 el acad\u00e9mico de la\u00a0<span class=\"highlight\">UDD<\/span>\u00a0<strong><span class=\"highlight\">Gonzalo<\/span> M\u00fcller<\/strong>. \u00abLa bater\u00eda de proyectos legislativos que lo concreta necesitan de que todos los firmantes cumplan en el Congreso\u00bb, sostuvo.<\/p>\n<p>El analista pol\u00edtico Gonzalo Cordero tambi\u00e9n advirti\u00f3 sobre el riesgo de que los parlamentarios de oposici\u00f3n, que no participaron de la conversaci\u00f3n sientan que necesitan una parte del m\u00e9rito \u00aby hagan exigencias que lleven a una segunda ronda de negociaciones. Eso ser\u00eda desastroso\u00bb, concluy\u00f3.<\/p>\n<p style=\"text-align: justify;\">En todo caso, el decano de la facultad de Ciencias Pol\u00edticas de la Universidad Central, Marco Moreno, destac\u00f3 el rol del gobierno en el acuerdo. \u00abLo va a mostrar comunicacionalmente, como victoria de su gesti\u00f3n. La oposici\u00f3n no va a expresarlo como triunfo, suyo porque tampoco quiere ser part\u00edcipe de que si esto no resulta le vayan a endosar la responsabilidad\u00bb, sostuvo.<\/p>\n<p style=\"text-align: justify;\">Para el <strong>decano de la Facultad de Gobierno de la\u00a0<span class=\"highlight\">UDD<\/span>,\u00a0<span class=\"highlight\">Eugenio<\/span>\u00a0<span class=\"highlight\">Guzm\u00e1n<\/span>,<\/strong> el acuerdo \u00abes un alivio\u00bb tanto desde el punto de vista de los principales beneficiados como pol\u00edticamente. \u00abLa pol\u00edtica no ha estado muy bien el \u00faltimo tiempo y cuando no funciona la pol\u00edtica tambi\u00e9n se resiente la econom\u00eda eso es pr\u00e1cticamente un axioma\u00bb, sostuvo.<\/p>\n<p>REVISA LA NOTA ORIGINAL <strong><a href=\"https:\/\/www.df.cl\/noticias\/economia-y-politica\/politica\/trastienda-las-cuatro-veces-que-el-acuerdo-estuvo-por-caerse\/2020-06-15\/201902.html\">AQU\u00cd\u00a0<\/a><\/strong><\/p>\n<p><a href=\"https:\/\/gobierno.udd.cl\/files\/2020\/06\/trastienda-las-cuatro-veces-que-el-acuerdo-estuvo-por-caerse.jpg\"><img loading=\"lazy\" decoding=\"async\" class=\"alignnone size-medium wp-image-25023\" src=\"https:\/\/gobierno.udd.cl\/files\/2020\/06\/trastienda-las-cuatro-veces-que-el-acuerdo-estuvo-por-caerse-300x200.jpg\" alt=\"\" width=\"300\" height=\"200\" \/><\/a><\/p>\n","protected":false},"excerpt":{"rendered":"<p>El monto total del plan, las rebajas tributarias que sugiri\u00f3 el Ejecutivo, las platas para salud y el monto del Ingreso Familiar de Emergencia estuvieron a punto de trizar el esperado pacto entre el gobierno y la oposici\u00f3n.<\/p>\n","protected":false},"author":0,"featured_media":4478,"comment_status":"open","ping_status":"open","sticky":false,"template":"","format":"standard","meta":{"footnotes":""},"categories":[10162],"tags":[],"class_list":["post-5567","post","type-post","status-publish","format-standard","has-post-thumbnail","hentry","category-centro-en-la-prensa"],"featured_image_url":"https:\/\/gobierno.udd.cl\/cpp\/files\/2019\/06\/Graficas_PoliticasPublicas-03.jpg","_links":{"self":[{"href":"https:\/\/gobierno.udd.cl\/cpp\/wp-json\/wp\/v2\/posts\/5567","targetHints":{"allow":["GET"]}}],"collection":[{"href":"https:\/\/gobierno.udd.cl\/cpp\/wp-json\/wp\/v2\/posts"}],"about":[{"href":"https:\/\/gobierno.udd.cl\/cpp\/wp-json\/wp\/v2\/types\/post"}],"replies":[{"embeddable":true,"href":"https:\/\/gobierno.udd.cl\/cpp\/wp-json\/wp\/v2\/comments?post=5567"}],"version-history":[{"count":0,"href":"https:\/\/gobierno.udd.cl\/cpp\/wp-json\/wp\/v2\/posts\/5567\/revisions"}],"wp:featuredmedia":[{"embeddable":true,"href":"https:\/\/gobierno.udd.cl\/cpp\/wp-json\/wp\/v2\/media\/4478"}],"wp:attachment":[{"href":"https:\/\/gobierno.udd.cl\/cpp\/wp-json\/wp\/v2\/media?parent=5567"}],"wp:term":[{"taxonomy":"category","embeddable":true,"href":"https:\/\/gobierno.udd.cl\/cpp\/wp-json\/wp\/v2\/categories?post=5567"},{"taxonomy":"post_tag","embeddable":true,"href":"https:\/\/gobierno.udd.cl\/cpp\/wp-json\/wp\/v2\/tags?post=5567"}],"curies":[{"name":"wp","href":"https:\/\/api.w.org\/{rel}","templated":true}]}}