{"id":5538,"date":"2020-04-27T12:49:23","date_gmt":"2020-04-27T16:49:23","guid":{"rendered":"http:\/\/gobierno.udd.cl\/cpp\/?p=5538"},"modified":"2020-04-27T12:49:23","modified_gmt":"2020-04-27T16:49:23","slug":"en-miras-de-un-calendario-electoral-el-gobierno-ya-baraja-algunos-cambios-radio-bio-bio","status":"publish","type":"post","link":"https:\/\/gobierno.udd.cl\/cpp\/noticias\/2020\/04\/27\/en-miras-de-un-calendario-electoral-el-gobierno-ya-baraja-algunos-cambios-radio-bio-bio\/","title":{"rendered":"En miras de un calendario electoral el gobierno ya baraja algunos cambios &#8211; Radio B\u00edo B\u00edo"},"content":{"rendered":"<p>En miras de un calendario electoral que se vendr\u00e1 muy activo durante los pr\u00f3ximos meses para los ciudadanos, el Gobierno ya baraja algunos cambios.<\/p>\n<p><audio class=\"wp-audio-shortcode\" id=\"audio-5538-1\" preload=\"none\" style=\"width: 100%;\" controls=\"controls\"><source type=\"audio\/mpeg\" src=\"https:\/\/conectamedia.s3.amazonaws.com\/c7cc50ab770a4603fd8f7c304fe9244c.mp3?_=1\" \/><a href=\"https:\/\/conectamedia.s3.amazonaws.com\/c7cc50ab770a4603fd8f7c304fe9244c.mp3\">https:\/\/conectamedia.s3.amazonaws.com\/c7cc50ab770a4603fd8f7c304fe9244c.mp3<\/a><\/audio><br \/><\/p>\n","protected":false},"excerpt":{"rendered":"<p>Habla:\u00a0Gonzalo\u00a0M\u00fcller, director Centro de Pol\u00edticas P\u00fablicas UDD. <\/p>\n","protected":false},"author":0,"featured_media":4478,"comment_status":"open","ping_status":"open","sticky":false,"template":"","format":"standard","meta":{"footnotes":""},"categories":[10162],"tags":[],"class_list":["post-5538","post","type-post","status-publish","format-standard","has-post-thumbnail","hentry","category-centro-en-la-prensa"],"featured_image_url":"https:\/\/gobierno.udd.cl\/cpp\/files\/2019\/06\/Graficas_PoliticasPublicas-03.jpg","_links":{"self":[{"href":"https:\/\/gobierno.udd.cl\/cpp\/wp-json\/wp\/v2\/posts\/5538","targetHints":{"allow":["GET"]}}],"collection":[{"href":"https:\/\/gobierno.udd.cl\/cpp\/wp-json\/wp\/v2\/posts"}],"about":[{"href":"https:\/\/gobierno.udd.cl\/cpp\/wp-json\/wp\/v2\/types\/post"}],"replies":[{"embeddable":true,"href":"https:\/\/gobierno.udd.cl\/cpp\/wp-json\/wp\/v2\/comments?post=5538"}],"version-history":[{"count":0,"href":"https:\/\/gobierno.udd.cl\/cpp\/wp-json\/wp\/v2\/posts\/5538\/revisions"}],"wp:featuredmedia":[{"embeddable":true,"href":"https:\/\/gobierno.udd.cl\/cpp\/wp-json\/wp\/v2\/media\/4478"}],"wp:attachment":[{"href":"https:\/\/gobierno.udd.cl\/cpp\/wp-json\/wp\/v2\/media?parent=5538"}],"wp:term":[{"taxonomy":"category","embeddable":true,"href":"https:\/\/gobierno.udd.cl\/cpp\/wp-json\/wp\/v2\/categories?post=5538"},{"taxonomy":"post_tag","embeddable":true,"href":"https:\/\/gobierno.udd.cl\/cpp\/wp-json\/wp\/v2\/tags?post=5538"}],"curies":[{"name":"wp","href":"https:\/\/api.w.org\/{rel}","templated":true}]}}