{"id":5535,"date":"2020-04-19T12:14:43","date_gmt":"2020-04-19T16:14:43","guid":{"rendered":"http:\/\/gobierno.udd.cl\/cpp\/?p=5535"},"modified":"2020-04-19T12:14:43","modified_gmt":"2020-04-19T16:14:43","slug":"una-pandemia-cinco-mesas-analisis-a-las-instancias-creadas-por-el-gobierno-para-combatir-el-coronavirus-emol","status":"publish","type":"post","link":"https:\/\/gobierno.udd.cl\/cpp\/noticias\/2020\/04\/19\/una-pandemia-cinco-mesas-analisis-a-las-instancias-creadas-por-el-gobierno-para-combatir-el-coronavirus-emol\/","title":{"rendered":"Una pandemia, cinco mesas: An\u00e1lisis a las instancias creadas por el Gobierno para combatir el coronavirus &#8211; Emol"},"content":{"rendered":"<p style=\"text-align: justify;\">Buscando encausar la crisis sanitaria, el Gobierno ha creado diversas instancias donde se ha reunido a actores pol\u00edticos y sociales, esto con el objetivo de que act\u00faen coordinamente y se pongan a disposici\u00f3n de la autoridad sanitaria en el combate del coronavirus.<\/p>\n<p style=\"text-align: justify;\">Iniciativas que han sido impulsadas por el ministro del Interior, Gonzalo Blumel, quien tambi\u00e9n ha aprovechado otros espacios ya existentes para abordar el tema. As\u00ed desde que estall\u00f3 la pandemia, los comit\u00e9s pol\u00edticos ampliados entre ministros y Chile Vamos, han tenido como foco principal la crisis sanitaria y social en su arista econ\u00f3mica. A estos se suma el Comit\u00e9 Operativo de Emergencia (COE), donde autoridades de gobierno, la Onemi y expertos, se han juntado para informar, analizar y coordinar acciones tras la Fase 4.<\/p>\n<p style=\"text-align: justify;\">Pero luego de reiteradas diferencias con los alcaldes, quienes instaban al Ejecutivo a decretar una cuarentena nacional, La Moneda anunci\u00f3 la creaci\u00f3n de la Mesa social covid-19, incluyendo a ediles y otros personeros. De \u00e9sta no s\u00f3lo han salido varios acuerdos, sino que tambi\u00e9n otros grupos de trabajo para abordar tem\u00e1ticas espec\u00edficas, tal y como revisamos a continuaci\u00f3n.<\/p>\n<p style=\"text-align: justify;\"><strong>Mesa social covid-19<\/strong><\/p>\n<p style=\"text-align: justify;\">Fue el pasado 22 de marzo cuando debut\u00f3 la Mesa social covid-19, la instancia liderada por el titular del Interior tiene sesiones dos veces por semana (martes y viernes), que se extienden por m\u00e1s de dos horas y al finalizar concluye la reuni\u00f3n con la adopci\u00f3n de acuerdos.<\/p>\n<p style=\"text-align: justify;\">En \u00e9sta participan autoridades de gobierno -como Ciencia y Salud-, alcaldes de las principales asociaciones del pa\u00eds, los rectores de la Universidad de Chile y la Universidad Cat\u00f3lica, la ex ministra de Salud, Carmen Castillo, Fernando Leanes, representante de la OPS\/OMS en Chile, el ex presidente del Colegio M\u00e9dico, Enrique Paris y la cual l\u00edder del Colegio M\u00e9dico, Izkia Siches.<\/p>\n<p style=\"text-align: justify;\">Seg\u00fan se\u00f1alan desde La Moneda, la idea era generar una instancia transversal de coordinaci\u00f3n que permitiera descomprimir conflictos y alinear a todos los actores detr\u00e1s de la estrategia de la autoridad sanitaria.<\/p>\n<p style=\"text-align: justify;\">\u00abEs muy importante, como hemos dicho, que esto tenga una sola voz, tenga una sola estrategia, tengamos unidad en el actuar\u00bb, ha se\u00f1alado el propio ministro Blumel, quien tiene la vocer\u00eda \u00fanica de la mesa y al finalizar una reuni\u00f3n realiza un resumen y anuncia los acuerdos.<\/p>\n<p style=\"text-align: justify;\">Esto pues a los roces con los ediles, tambi\u00e9n se han sumado otros episodios con Siches, quien ha acusado la existencia de un\u00a0\u00aboscurantismo\u00bb en las cifras entregadas por el Ministerio de Salud a la mesa respecto al covid-19.<\/p>\n<p style=\"text-align: justify;\"><strong>Mesa de datos<\/strong><\/p>\n<p style=\"text-align: justify;\">Pero ante las demandas por mayor acceso a la informaci\u00f3n, se cre\u00f3 la Mesa de datos covid-19, instancia encabezada por ministerio de Ciencia, Andr\u00e9s Couve, para disponibilizar los datos de contagio del coronavirus con fines acad\u00e9micos, levantar informaci\u00f3n, desarrollar insumos, elaborar proyecciones y evaluar innovaciones cient\u00edficas para el combate del virus.<\/p>\n<p style=\"text-align: justify;\">En su primera sesi\u00f3n participaron la jefa del Departamento de Epidemiolog\u00eda del Ministerio de Salud, Johanna Acevedo; el jefe del Departamento de Estad\u00edsticas e Informaci\u00f3n de Salud, Carlos Sans, y especialistas en ciencia de datos Mart\u00edn Ugarte, Marcelo Arenas, Alejandro Maas, Leonardo Basso, Soraya Mora y Mauricio Canals, quienes son investigadores de la Universidad de Chile, de la Universidad Cat\u00f3lica y de centros como el Instituto Milenio Fundamento de los Datos, el Centro de Modelamiento Matem\u00e1tico, el Instituto de Sistemas Complejos de la Ingenier\u00eda, el Centro Interdisciplinario de Neurociencia de Valpara\u00edso y la Fundaci\u00f3n Ciencia y Vida.<\/p>\n<p style=\"text-align: justify;\">Esta mesa funciona tambi\u00e9n dos veces por semana y elabora reportes peri\u00f3dicos, logrando centralizar datos sobre la pandemia y complementar el trabajo del Minsal. De este modo, se implement\u00f3 un sitio web con un repositorio de datos abiertos sobre coronavirus, para investigaci\u00f3n cient\u00edfica y epidemiol\u00f3gica,<\/p>\n<p style=\"text-align: justify;\">Pese a lo anterior, algunos actores como un grupo de ediles siguen pidiendo informaci\u00f3n respecto a los pacientes con covid-19, algo ante lo cual el Gobierno ha respondido se\u00f1alando que ir\u00eda contra la ley que regula los derechos y deberes de los pacientes, a la vez que podr\u00eda generar situaciones de discriminaci\u00f3n contra quienes est\u00e9n enfermos.<\/p>\n<p style=\"text-align: justify;\">\u00abNo queremos que empiece una especie de caza de brujas en castigo, en discriminaci\u00f3n de las personas que est\u00e1n enfermas\u00bb, recalc\u00f3 el viernes el Presidente Sebasti\u00e1n Pi\u00f1era.<\/p>\n<p style=\"text-align: justify;\"><strong>Submesa con alcaldes<\/strong><\/p>\n<p style=\"text-align: justify;\">Es que la relaci\u00f3n con los alcaldes no ha sido del todo f\u00e1cil durante esta crisis, as\u00ed con el objetivo de canalizar sus inquietudes y abordar de mejor manera la situaci\u00f3n de cada comuna, en la segunda sesi\u00f3n de la Mesa nacional covid-19, se decidi\u00f3 crear una submesa con alcaldes.<\/p>\n<p style=\"text-align: justify;\">En la instancia liderada por el subsecretario de Desarrollo Regional (Subdere), Claudio Alvarado, participan alcaldes representantes de las diversas asociaciones municipales del pa\u00eds, quienes se re\u00fanen semanalmente.<\/p>\n<p style=\"text-align: justify;\">En la submesa se busca coordinar protocolos y tambi\u00e9n medidas adicionales a implementar, a trav\u00e9s de las municipalidades. Se les han entregado a los ediles algunas gu\u00edas pr\u00e1cticas y protocolos para enfrentar situaciones relacionadas con la limpieza y desinfecci\u00f3n de ambientes, precauciones generales para edificios y residentes, manejo de residuos y mascotas, y un protocolo para personas en situaci\u00f3n de calle, durante la emergencia.<\/p>\n<p style=\"text-align: justify;\">Esta submesa se complementa a las reuniones peri\u00f3dicas que Blumel que ha realizado con los alcaldes de las zonas en cuarentena, oportunidad donde se abordan las medidas dispuestas.<\/p>\n<p style=\"text-align: justify;\">Cuarentenas totales que por lo dem\u00e1s varios ediles siguen pidiendo, y ante lo cual el ministro de Salud, Jaime Ma\u00f1alich, ha rebatido que al hacerlo, \u00abno saben del da\u00f1o que est\u00e1n hablando y que producir\u00eda esta medida en su poblaci\u00f3n\u00bb, al tener efectos asociados.<\/p>\n<p style=\"text-align: justify;\"><strong>Submesa con organizaciones de la sociedad civil<\/strong><\/p>\n<p style=\"text-align: justify;\">Adem\u00e1s, el pasado martes se anunci\u00f3 la creaci\u00f3n de una submesa de trabajo con organizaciones de la sociedad civil, para fortalecer los lazos con las mismas.<\/p>\n<p style=\"text-align: justify;\">Pero tambi\u00e9n para abordar all\u00ed las consecuencias psicosociales que genera la pandemia, por ejemplo, en materia de acceso a bienes y servicios esenciales, de salud mental o temas relacionados con el bienestar de los ciudadanos.<\/p>\n<p style=\"text-align: justify;\"><strong>Mesa con gremios de salud<\/strong><\/p>\n<p style=\"text-align: justify;\">Otro de los acuerdos tomados en la Mesa social covid-19, fue el fortalecer el apoyo y protecci\u00f3n a los trabajadores del sector primario de la salud, quienes han sido claves al momento de enfrentar la pandemia.<\/p>\n<p style=\"text-align: justify;\">De este modo, se ha intentado aumentar la coordinaci\u00f3n a trav\u00e9s de una mesa liderada por el subsecretario de Redes Asistenciales, Arturo Z\u00fa\u00f1iga, con los gremios de la salud y Confusam.<\/p>\n<p style=\"text-align: justify;\"><strong>\u00bfQu\u00e9 dicen los analistas?<\/strong><\/p>\n<p style=\"text-align: justify;\">Junto a estas m\u00faltiples instancias de trabajo que han surgido a ra\u00edz de la Mesa social, se acord\u00f3 conformar Mesas sociales regionales covid-19, las cuales seguir\u00e1n el modelo de la mesa nacional y realizar\u00e1n las bajadas espec\u00edficas a nivel central y regional, velando por que sean aplicadas correctamente. Dichas mesas est\u00e1n funcionando semanalmente.<\/p>\n<p style=\"text-align: justify;\">Ante esta estrategia de creaci\u00f3n de mesas del Gobierno, los expertos tienen una buena evaluaci\u00f3n, as\u00ed el acad\u00e9mico de la Universidad de Talca, Mauricio Morales, coment\u00f3 a Emol que a diferencia de la crisis social de octubre, en esta ocasi\u00f3n el Ejecutivo ha procurado el apoyo de diversos actores, aspirando \u00aba repartir las p\u00e9rdidas en caso de tomar mala decisiones, pero a capitalizar las ganancias cuando esas decisiones generan efectos positivos. En consecuencia, este apoyo multisectorial que ha construido el Gobierno, le ha servido para dar soporta a la decisiones. Si bien ha debido enfrentar cr\u00edticas por parte, por ejemplo, de la presidenta del Colegio M\u00e9dico, r\u00e1pidamente se han constituido vocer\u00edas para enfrentar y aplacar esas cr\u00edticas\u00bb.<\/p>\n<p style=\"text-align: justify;\">Seg\u00fan Morales, \u00aba todas estas instancia no se les puede entregar un poder resolutivo, pues eso recae en el poder pol\u00edtico. Por eso mismo es el Gobierno el destinado a capitalizar las buenas decisiones, y a distribuir las p\u00e9rdidas en caso de que esas decisiones sean err\u00f3neas. En este \u00faltimo caso, puede excusarse en que se dej\u00f3 asesorar por las mesas y que, por tanto, la responsabilidad es compartida. En este contexto, estas mesas son de enorme utilidad, pues al menos transmiten un concepto de unidad que jam\u00e1s se vio en la crisis social de octubre (&#8230;) estas mesas contribuyen a dar el soporte t\u00e9cnico y social a las decisiones, dejando de lado la pol\u00edtica partidista. En lugar de llamar a los congresistas, el Gobierno correctamente prefiri\u00f3 dejarse a consejar por instancia de expertos\u00bb.<\/p>\n<p style=\"text-align: justify;\">En la misma l\u00ednea, el <strong>director del Centro de Pol\u00edticas P\u00fablicas de la\u00a0<span class=\"highlight\">Universidad<\/span>\u00a0<span class=\"highlight\">del<\/span>\u00a0<span class=\"highlight\">Desarrollo<\/span>,\u00a0<span class=\"highlight\">Gonzalo<\/span>\u00a0<span class=\"highlight\">M\u00fcller<\/span><\/strong>, consider\u00f3 como \u00abun acierto\u00bb la instauraci\u00f3n de mesas de trabajo, afirmando que \u00abyo creo que el Gobierno ha logrado, a trav\u00e9s de la pol\u00edtica de abrir mesas, primero ofrecer transparencia respecto a su acci\u00f3n, segundo, legitimar las decisiones y tercero, integrar tambi\u00e9n distintas miradas. Yo creo que esos objetivos est\u00e1n cumplidos\u00bb.<\/p>\n<p style=\"text-align: justify;\">Y agreg\u00f3 que el hecho de \u00abtengan una capacidad resolutiva, creo que es m\u00e1s complejo, porque la capacidad sigue siendo de la autoridad, del ministro de Salud, de la Subsecretar\u00eda y esa autoridad no se diluye. En las mesas t\u00e9cnicas y en las distintas mesas abren di\u00e1logo, conversaciones, pero no pueden tener capacidad resolutiva, porque sino imaginen que la mesa tomara una decisi\u00f3n distinta a la del ministro, pero el ministro finalmente es el responsable de esa decisi\u00f3n\u00bb.<\/p>\n<p>Revisa la nota original <strong><a href=\"https:\/\/www.emol.com\/noticias\/Nacional\/2020\/04\/19\/983427\/Mesas-del-Gobierno-por-coronavirus.html\">AQU\u00cd<\/a><\/strong><\/p>\n","protected":false},"excerpt":{"rendered":"<p>Se trata de espacios de trabajo que han logrado reunir a distintos actores, buscando coordinar acciones y lograr una sola voz frente a la pandemia, m\u00e1s all\u00e1 de ciertas diferencias. A partir de la Mesa social covid-19 han surgido otras.<\/p>\n","protected":false},"author":0,"featured_media":4478,"comment_status":"open","ping_status":"open","sticky":false,"template":"","format":"standard","meta":{"footnotes":""},"categories":[10162],"tags":[],"class_list":["post-5535","post","type-post","status-publish","format-standard","has-post-thumbnail","hentry","category-centro-en-la-prensa"],"featured_image_url":"https:\/\/gobierno.udd.cl\/cpp\/files\/2019\/06\/Graficas_PoliticasPublicas-03.jpg","_links":{"self":[{"href":"https:\/\/gobierno.udd.cl\/cpp\/wp-json\/wp\/v2\/posts\/5535","targetHints":{"allow":["GET"]}}],"collection":[{"href":"https:\/\/gobierno.udd.cl\/cpp\/wp-json\/wp\/v2\/posts"}],"about":[{"href":"https:\/\/gobierno.udd.cl\/cpp\/wp-json\/wp\/v2\/types\/post"}],"replies":[{"embeddable":true,"href":"https:\/\/gobierno.udd.cl\/cpp\/wp-json\/wp\/v2\/comments?post=5535"}],"version-history":[{"count":0,"href":"https:\/\/gobierno.udd.cl\/cpp\/wp-json\/wp\/v2\/posts\/5535\/revisions"}],"wp:featuredmedia":[{"embeddable":true,"href":"https:\/\/gobierno.udd.cl\/cpp\/wp-json\/wp\/v2\/media\/4478"}],"wp:attachment":[{"href":"https:\/\/gobierno.udd.cl\/cpp\/wp-json\/wp\/v2\/media?parent=5535"}],"wp:term":[{"taxonomy":"category","embeddable":true,"href":"https:\/\/gobierno.udd.cl\/cpp\/wp-json\/wp\/v2\/categories?post=5535"},{"taxonomy":"post_tag","embeddable":true,"href":"https:\/\/gobierno.udd.cl\/cpp\/wp-json\/wp\/v2\/tags?post=5535"}],"curies":[{"name":"wp","href":"https:\/\/api.w.org\/{rel}","templated":true}]}}