{"id":5525,"date":"2020-03-09T12:32:10","date_gmt":"2020-03-09T15:32:10","guid":{"rendered":"http:\/\/gobierno.udd.cl\/cpp\/?p=5525"},"modified":"2020-03-09T12:32:10","modified_gmt":"2020-03-09T15:32:10","slug":"aumentan-los-contagios-de-covid-19-tele13-radio","status":"publish","type":"post","link":"https:\/\/gobierno.udd.cl\/cpp\/noticias\/2020\/03\/09\/aumentan-los-contagios-de-covid-19-tele13-radio\/","title":{"rendered":"Aumentan los contagios de Covid-19 &#8211; Tele13 radio"},"content":{"rendered":"<p>El nuevo brote de neumon\u00eda, Covid-19, hasta hace poco desconocido para la ciencia, est\u00e1 causando una enfermedad pulmonar grave en China y el mundo.<\/p>\n<audio class=\"wp-audio-shortcode\" id=\"audio-5525-1\" preload=\"none\" style=\"width: 100%;\" controls=\"controls\"><source type=\"audio\/mpeg\" src=\"http:\/\/conectamedia.s3.amazonaws.com\/bd9535b222b14f936caa9c08bc8565c5.mp3?_=1\" \/><a href=\"http:\/\/conectamedia.s3.amazonaws.com\/bd9535b222b14f936caa9c08bc8565c5.mp3\">http:\/\/conectamedia.s3.amazonaws.com\/bd9535b222b14f936caa9c08bc8565c5.mp3<\/a><\/audio>\n<p>&nbsp;<\/p>\n","protected":false},"excerpt":{"rendered":"<p>Habla:\u00a0Gonzalo\u00a0M\u00fcller, director del Centro de Pol\u00edticas P\u00fablicas UDD<\/p>\n","protected":false},"author":0,"featured_media":4478,"comment_status":"open","ping_status":"open","sticky":false,"template":"","format":"standard","meta":{"footnotes":""},"categories":[10162],"tags":[],"class_list":["post-5525","post","type-post","status-publish","format-standard","has-post-thumbnail","hentry","category-centro-en-la-prensa"],"featured_image_url":"https:\/\/gobierno.udd.cl\/cpp\/files\/2019\/06\/Graficas_PoliticasPublicas-03.jpg","_links":{"self":[{"href":"https:\/\/gobierno.udd.cl\/cpp\/wp-json\/wp\/v2\/posts\/5525","targetHints":{"allow":["GET"]}}],"collection":[{"href":"https:\/\/gobierno.udd.cl\/cpp\/wp-json\/wp\/v2\/posts"}],"about":[{"href":"https:\/\/gobierno.udd.cl\/cpp\/wp-json\/wp\/v2\/types\/post"}],"replies":[{"embeddable":true,"href":"https:\/\/gobierno.udd.cl\/cpp\/wp-json\/wp\/v2\/comments?post=5525"}],"version-history":[{"count":0,"href":"https:\/\/gobierno.udd.cl\/cpp\/wp-json\/wp\/v2\/posts\/5525\/revisions"}],"wp:featuredmedia":[{"embeddable":true,"href":"https:\/\/gobierno.udd.cl\/cpp\/wp-json\/wp\/v2\/media\/4478"}],"wp:attachment":[{"href":"https:\/\/gobierno.udd.cl\/cpp\/wp-json\/wp\/v2\/media?parent=5525"}],"wp:term":[{"taxonomy":"category","embeddable":true,"href":"https:\/\/gobierno.udd.cl\/cpp\/wp-json\/wp\/v2\/categories?post=5525"},{"taxonomy":"post_tag","embeddable":true,"href":"https:\/\/gobierno.udd.cl\/cpp\/wp-json\/wp\/v2\/tags?post=5525"}],"curies":[{"name":"wp","href":"https:\/\/api.w.org\/{rel}","templated":true}]}}