{"id":551,"date":"2015-01-16T14:08:51","date_gmt":"2015-01-16T17:08:51","guid":{"rendered":"http:\/\/gobierno.udd.cl\/cpp\/?p=551"},"modified":"2015-01-19T11:31:15","modified_gmt":"2015-01-19T14:31:15","slug":"programa-de-economia-politica-organizo-coloquio-sobre-libertad-educacional","status":"publish","type":"post","link":"https:\/\/gobierno.udd.cl\/cpp\/noticias\/2015\/01\/16\/programa-de-economia-politica-organizo-coloquio-sobre-libertad-educacional\/","title":{"rendered":"Programa de Econom\u00eda Pol\u00edtica organiz\u00f3 coloquio sobre libertad educacional"},"content":{"rendered":"<p style=\"text-align: justify;\"><a href=\"http:\/\/gobierno.udd.cl\/cpp\/files\/2015\/01\/Coloquio1.jpg\"><img loading=\"lazy\" decoding=\"async\" class=\"alignnone size-medium wp-image-552\" alt=\"Coloquio1\" src=\"http:\/\/gobierno.udd.cl\/cpp\/files\/2015\/01\/Coloquio1-300x196.jpg\" width=\"300\" height=\"196\" srcset=\"https:\/\/gobierno.udd.cl\/cpp\/files\/2015\/01\/Coloquio1-300x196.jpg 300w, https:\/\/gobierno.udd.cl\/cpp\/files\/2015\/01\/Coloquio1-660x430.jpg 660w, https:\/\/gobierno.udd.cl\/cpp\/files\/2015\/01\/Coloquio1.jpg 936w\" sizes=\"auto, (max-width: 300px) 100vw, 300px\" \/><\/a><\/p>\n<p style=\"text-align: justify;\">Con la visita de <a href=\"http:\/\/web.trinity.edu\/x8092.xml\">Mar\u00eda P\u00eda Paganelli<\/a>, profesora de Econom\u00eda de la Universidad de Trinity, sumado a la presencia del Vicerrector de pregrado UDD Juan Eduardo Vargas y el profesor <a href=\"http:\/\/www.uai.cl\/docentes\/felipe-schwember\">\u00a0Felipe Schwember<\/a> de la Universidad Adolfo Iba\u00f1ez , el viernes 23 de mayo a las 13 hrs. se realiz\u00f3 en el Auditorio 1 del Edificio de Postgrados el coloquio \u201cLos l\u00edmites del Estado en la educaci\u00f3n: libertad educacional y lo p\u00fablico en tres visiones liberales\u201d.<\/p>\n<p style=\"text-align: justify;\">La profesora Paganelli ha desarrollado una destacada carrera de investigaci\u00f3n en microeconom\u00eda, an\u00e1lisis econ\u00f3mico de la ley e historia en el pensamiento econ\u00f3mico, donde resaltan sus trabajos en Adam Smith y <strong><a href=\"https:\/\/trinity.academia.edu\/MariaPiaPaganelli\">el rol de los mercados en el fortalecimiento de nuestras disposiciones morales<\/a><\/strong>. \u00a0En este sentido, ha estudiado el aporte que ofrece el trabajo de Smith en cuestiones relativas a<strong> <a href=\"http:\/\/www.plosone.org\/article\/info%3Adoi%2F10.1371%2Fjournal.pone.0055968\">econom\u00eda experimental<\/a><\/strong>. En esta oportunidad expondr\u00e1 la mirada del pensador escoc\u00e9s respecto a la educaci\u00f3n p\u00fablica, lo que se sumar\u00e1 a los trabajos de Juan Eduardo Vargas, sobre el pensamiento de <strong><a href=\"http:\/\/en.wikipedia.org\/wiki\/John_Stuart_Mill\">John Stuart Mill<\/a> <\/strong>y los l\u00edmites que tiene el Estado en la educaci\u00f3n. Asimismo, el profesor Schwember ofrecer\u00e1 una conferencia al respecto, desde el trabajo del pensador austr\u00edaco <strong><a href=\"http:\/\/en.wikipedia.org\/wiki\/Friedrich_Hayek\">Friedrich von Hayek<\/a><\/strong>.<\/p>\n<p style=\"text-align: justify;\">El coloquio cont\u00f3 con los comentarios del director del Instituto de Humanidades UDD, <a href=\"http:\/\/www.udd.cl\/persona\/armando-roa-vial\/\">Armando Roa<\/a>, el director del Programa de Econom\u00eda Pol\u00edtica de la Facultad de Gobierno UDD, <a href=\"http:\/\/gobierno.udd.cl\/persona\/juan-pablo-couyoumdjian-3\/\">Juan Pablo Couyoumdjian<\/a>, y el profesor de Teor\u00eda Pol\u00edtica, <a href=\"http:\/\/gobierno.udd.cl\/persona\/jose-de-la-cruz-garrido\/\">Jos\u00e9 de la Cruz Garrido<\/a>, de la misma Facultad.<\/p>\n<p>&nbsp;<\/p>\n<p><iframe loading=\"lazy\" title=\"&quot;Los l\u00edmites del Estado en la educaci\u00f3n: tres visiones liberales&quot;\" width=\"500\" height=\"281\" src=\"https:\/\/www.youtube.com\/embed\/nSjcNBiCxK4?feature=oembed\" frameborder=\"0\" allow=\"accelerometer; autoplay; clipboard-write; encrypted-media; gyroscope; picture-in-picture; web-share\" referrerpolicy=\"strict-origin-when-cross-origin\" allowfullscreen><\/iframe><\/p>\n","protected":false},"excerpt":{"rendered":"<p>\u201cLos l\u00edmites del Estado en la educaci\u00f3n: libertad educacional y lo p\u00fablico en tres visiones liberales\u201d contar\u00e1 con la presencia de Mar\u00eda P\u00eda Paganelli (Trinity), Juan Eduardo Vargas (UDD) y Felipe Schwember (UAI), quienes tratar\u00e1n desde tres visiones liberales la idea de libertad educacional.<\/p>\n","protected":false},"author":22,"featured_media":552,"comment_status":"open","ping_status":"open","sticky":false,"template":"","format":"standard","meta":{"footnotes":""},"categories":[4],"tags":[11824,7391,7389,7390],"class_list":["post-551","post","type-post","status-publish","format-standard","has-post-thumbnail","hentry","category-noticias","tag-cpp","tag-libertad-educacional","tag-maria-pia-paganelli","tag-programa-economia-politica"],"featured_image_url":"https:\/\/gobierno.udd.cl\/cpp\/files\/2015\/01\/Coloquio1.jpg","_links":{"self":[{"href":"https:\/\/gobierno.udd.cl\/cpp\/wp-json\/wp\/v2\/posts\/551","targetHints":{"allow":["GET"]}}],"collection":[{"href":"https:\/\/gobierno.udd.cl\/cpp\/wp-json\/wp\/v2\/posts"}],"about":[{"href":"https:\/\/gobierno.udd.cl\/cpp\/wp-json\/wp\/v2\/types\/post"}],"author":[{"embeddable":true,"href":"https:\/\/gobierno.udd.cl\/cpp\/wp-json\/wp\/v2\/users\/22"}],"replies":[{"embeddable":true,"href":"https:\/\/gobierno.udd.cl\/cpp\/wp-json\/wp\/v2\/comments?post=551"}],"version-history":[{"count":5,"href":"https:\/\/gobierno.udd.cl\/cpp\/wp-json\/wp\/v2\/posts\/551\/revisions"}],"predecessor-version":[{"id":573,"href":"https:\/\/gobierno.udd.cl\/cpp\/wp-json\/wp\/v2\/posts\/551\/revisions\/573"}],"wp:featuredmedia":[{"embeddable":true,"href":"https:\/\/gobierno.udd.cl\/cpp\/wp-json\/wp\/v2\/media\/552"}],"wp:attachment":[{"href":"https:\/\/gobierno.udd.cl\/cpp\/wp-json\/wp\/v2\/media?parent=551"}],"wp:term":[{"taxonomy":"category","embeddable":true,"href":"https:\/\/gobierno.udd.cl\/cpp\/wp-json\/wp\/v2\/categories?post=551"},{"taxonomy":"post_tag","embeddable":true,"href":"https:\/\/gobierno.udd.cl\/cpp\/wp-json\/wp\/v2\/tags?post=551"}],"curies":[{"name":"wp","href":"https:\/\/api.w.org\/{rel}","templated":true}]}}