{"id":5486,"date":"2020-02-29T17:02:55","date_gmt":"2020-02-29T20:02:55","guid":{"rendered":"http:\/\/gobierno.udd.cl\/cpp\/?p=5486"},"modified":"2020-02-29T17:02:55","modified_gmt":"2020-02-29T20:02:55","slug":"cubillos-renuncia-al-ministerio-de-educacion-y-se-suma-a-campana-por-el-rechazo-la-segunda","status":"publish","type":"post","link":"https:\/\/gobierno.udd.cl\/cpp\/noticias\/2020\/02\/29\/cubillos-renuncia-al-ministerio-de-educacion-y-se-suma-a-campana-por-el-rechazo-la-segunda\/","title":{"rendered":"Cubillos renuncia al Ministerio de Educaci\u00f3n y se suma a campa\u00f1a por el rechazo &#8211; La Segunda"},"content":{"rendered":"<p style=\"text-align: justify;\">\u201cTengo la decisi\u00f3n de asumir nuevos desaf\u00edos y ser parte activa en los debates que vienen. Son definiciones que obviamente van a afectar nuestro futuro y el de nuestros hijos\u201d, fueron parte de las palabras con que Marcela Cubillos dio a conocer ayer cerca de las dos de la tarde que dejaba su cargo como ministra de Educaci\u00f3n.<\/p>\n<p style=\"text-align: justify;\">En una vocer\u00eda en La Moneda, la exsecretaria de Estado dijo que fue una decisi\u00f3n que ven\u00eda hablando con el Presidente Sebasti\u00e1n Pi\u00f1era \u201chace meses\u201d. Sin embargo, evit\u00f3 responder si acaso su nuevo rol ser\u00e1 integrar el comando de Chile Vamos por el rechazo a una nueva Constituci\u00f3n, que se votar\u00e1 en el plebiscito nacional del 26 de abril.<\/p>\n<p style=\"text-align: justify;\">Esto \u00faltimo fue confirmado m\u00e1s tarde por la presidenta de la UDI, la senadora Jacqueline van Rysselberghe en su cuenta de Twitter. (ver recuadro)<\/p>\n<p style=\"text-align: justify;\">La renuncia de Cubillos al gobierno ya se ven\u00eda especulando esta semana. De hecho este jueves en El Mostrador la exdiputada desminti\u00f3 haber renunciado.<\/p>\n<p style=\"text-align: justify;\">Futuro constitucional<\/p>\n<p style=\"text-align: justify;\">En su calidad de ministra, Cubillos no pod\u00eda manifestar su adhesi\u00f3n al rechazo a una nueva Constituci\u00f3n, ya que el martes La Moneda envi\u00f3 un instructivo de prescindencia, por el cual se les exig\u00eda a los colaboradores m\u00e1s cercanos del Presidente no emitir su opini\u00f3n.<\/p>\n<p style=\"text-align: justify;\">Y la exministra ya se hab\u00eda inclinado por el rechazo: El 30 de noviembre hab\u00eda asistido a un seminario por el \u201cNo\u201d y el 2 de febrero en entrevista con La Tercera dijo que \u201cno soy neutral frente a los desaf\u00edos que vienen\u201d y que \u201cno es f\u00e1cil\u201d seguir la prescindencia. Adem\u00e1s, Cubillos fue profesora de Derecho Constitucional, por lo que siempre le ha interesado el tema. Adem\u00e1s, su marido, el senador Andr\u00e9s Allamand (RN), tambi\u00e9n ha sido uno de los rostros del rechazo.<\/p>\n<p style=\"text-align: justify;\">\u201cElla quiere tener m\u00e1s flexibilidad para tener un rol m\u00e1s activo en el rechazo. En la UDI se tom\u00f3 una decisi\u00f3n, la que limita a aquellos que est\u00e1n en el gobierno y que quieren tener una participaci\u00f3n m\u00e1s activa en el rechazo\u201d, dice el decano de la <strong>Facultad de Gobierno de la\u00a0<span class=\"highlight\">UDD<\/span>,\u00a0<span class=\"highlight\">Eugenio<\/span>\u00a0<span class=\"highlight\">Guzm\u00e1n<\/span>.<\/strong><\/p>\n<p style=\"text-align: justify;\">Mientras que el cientista pol\u00edtico Kenneth B\u00fanker cree que \u201ceste gobierno pas\u00f3 de ser un proactivo a uno de transici\u00f3n. Para la clase de pol\u00edticos a la cual pertenece Cubillos, que son m\u00e1s ofensivos, es un gobierno poco atractivo. No hay mucho que hacer. No es un gobierno donde existan desaf\u00edos\u201d.<\/p>\n<p style=\"text-align: justify;\">Otra factor que la habr\u00eda impulsado podr\u00eda ser la complicaci\u00f3n de mantenerse en una cartera tan controvertida como Educaci\u00f3n, \u00e1rea en la que sent\u00eda la desaprobaci\u00f3n por parte de muchos actores relevantes como los profesores, las universidades y los estudiantes. B\u00fanker dice que ese ministerio es \u201cuna papa caliente. Cubillos se salv\u00f3 jabonada. Todas las carteras sectoriales son parte directa de las demandas de los grupos de oposici\u00f3n que lograron que se hiciera este plebiscito. Cubillos hizo este cruce de datos, la comparaci\u00f3n entre estar ah\u00ed y recibir fuego, el balance es positivo estando fuera del gobierno\u201d.<\/p>\n<p style=\"text-align: justify;\">De hecho, seg\u00fan la encuesta Cadem del 24 de febrero en un a\u00f1o (de enero del 2018 a enero del 2019) pas\u00f3 de tener una aprobaci\u00f3n de un 53% a un 18%.<\/p>\n<p style=\"text-align: justify;\">Guzm\u00e1n a\u00f1ade otro factor: Que una salida de Cubillos adem\u00e1s permitir\u00eda que su marido ingresara en alg\u00fan ministerio (como Interior o Segpres), al no estar su esposa en el mismo gabinete no podr\u00edan haber cr\u00edticas por nepotismo.<\/p>\n<p style=\"text-align: justify;\">Esta idea tambi\u00e9n fue reforzada por el decano de la Facultad de Gobierno de la U. Central, Marco Moreno, quien afirm\u00f3 que la \u201csalida de Cubillos abre opci\u00f3n de cambios en el equipo pol\u00edtico de La Moneda\u201d.<\/p>\n<p style=\"text-align: justify;\">Oposici\u00f3n en su contra<\/p>\n<p style=\"text-align: justify;\">Cercanos a la exministra afirman que el tema lo estaba analizando desde la \u00faltima semana de diciembre, habl\u00e1ndolo muchas veces con Pi\u00f1era. El Presidente no quer\u00eda que ella se fuera y le pidi\u00f3 m\u00e1s tiempo, pero \u00e9sta le habr\u00eda afirmado que no pod\u00eda esperar hasta marzo.<\/p>\n<p style=\"text-align: justify;\">Nada m\u00e1s conocerse la renuncia, la oposici\u00f3n sali\u00f3 en masa a criticarla por Twitter y tambi\u00e9n a trav\u00e9s de medios de prensa.<\/p>\n<p style=\"text-align: justify;\">Desde el Frente Amplio el alcalde de Valpara\u00edso, Jorge Sharp, afirm\u00f3 que \u201cla renuncia de Cubillos al Ministerio de Educaci\u00f3n no s\u00f3lo es clara se\u00f1al de la rearticulaci\u00f3n del pinochetismo en torno al rechazo, sino que demuestra una vez m\u00e1s que la derecha no tiene idea de educaci\u00f3n p\u00fablica. En dos gobiernos de Pi\u00f1era han pasado siete ministros hasta ahora\u201d.<\/p>\n<p style=\"text-align: justify;\">Desde la ex Nueva Mayor\u00eda, la diputada Karol Cariola (PC), afirm\u00f3 que Cubillos fue \u201cuna de las personas que m\u00e1s da\u00f1o le ha hecho a la convivencia educativa en el pa\u00eds. Su gesti\u00f3n se caracteriz\u00f3 por ser incapaz de abordar ning\u00fan desaf\u00edo educativo. Fue m\u00e1s un gendarme que ministra\u201d.<\/p>\n<p style=\"text-align: justify;\">Sin embargo la propia ministra realiz\u00f3 un positivo balance de su gesti\u00f3n (ver recuadro).<\/p>\n<p style=\"text-align: justify;\">Desde el oficialismo parlamentarios como Diego Schalper (RN), Jaime Bellolio (UDI) y Mar\u00eda Jos\u00e9 Hoffmann (UDI) salieron a respaldarla.<\/p>\n<p style=\"text-align: justify;\">Esta \u00faltima, integrante de la comisi\u00f3n de Educaci\u00f3n, afirm\u00f3 que Cubillos \u201cenfrent\u00f3 con coraje los desaf\u00edos en educaci\u00f3n, no se intimid\u00f3 jam\u00e1s con los ataques de la izquierda y enfrent\u00f3 la violencia en los establecimientos educacionales. El ministerio queda en las mejores manos a cargo de Ra\u00fal Figueroa\u201d, mientras que Bellolio destac\u00f3 que Cubillos promovi\u00f3 \u201cel valor del m\u00e9rito y la justicia\u201d.<\/p>\n<p><a href=\"https:\/\/gobierno.udd.cl\/files\/2020\/03\/2020-02-29_at3p20ud.jpg\"><img loading=\"lazy\" decoding=\"async\" class=\"size-medium wp-image-24354 aligncenter\" src=\"https:\/\/gobierno.udd.cl\/files\/2020\/03\/2020-02-29_at3p20ud-231x300.jpg\" alt=\"\" width=\"231\" height=\"300\" \/><\/a><\/p>\n","protected":false},"excerpt":{"rendered":"<p>Tambi\u00e9n habr\u00eda influido su desaprobaci\u00f3n en las encuestas y posible candidatura al Senado.<\/p>\n","protected":false},"author":0,"featured_media":4478,"comment_status":"open","ping_status":"open","sticky":false,"template":"","format":"standard","meta":{"footnotes":""},"categories":[10162],"tags":[],"class_list":["post-5486","post","type-post","status-publish","format-standard","has-post-thumbnail","hentry","category-centro-en-la-prensa"],"featured_image_url":"https:\/\/gobierno.udd.cl\/cpp\/files\/2019\/06\/Graficas_PoliticasPublicas-03.jpg","_links":{"self":[{"href":"https:\/\/gobierno.udd.cl\/cpp\/wp-json\/wp\/v2\/posts\/5486","targetHints":{"allow":["GET"]}}],"collection":[{"href":"https:\/\/gobierno.udd.cl\/cpp\/wp-json\/wp\/v2\/posts"}],"about":[{"href":"https:\/\/gobierno.udd.cl\/cpp\/wp-json\/wp\/v2\/types\/post"}],"replies":[{"embeddable":true,"href":"https:\/\/gobierno.udd.cl\/cpp\/wp-json\/wp\/v2\/comments?post=5486"}],"version-history":[{"count":0,"href":"https:\/\/gobierno.udd.cl\/cpp\/wp-json\/wp\/v2\/posts\/5486\/revisions"}],"wp:featuredmedia":[{"embeddable":true,"href":"https:\/\/gobierno.udd.cl\/cpp\/wp-json\/wp\/v2\/media\/4478"}],"wp:attachment":[{"href":"https:\/\/gobierno.udd.cl\/cpp\/wp-json\/wp\/v2\/media?parent=5486"}],"wp:term":[{"taxonomy":"category","embeddable":true,"href":"https:\/\/gobierno.udd.cl\/cpp\/wp-json\/wp\/v2\/categories?post=5486"},{"taxonomy":"post_tag","embeddable":true,"href":"https:\/\/gobierno.udd.cl\/cpp\/wp-json\/wp\/v2\/tags?post=5486"}],"curies":[{"name":"wp","href":"https:\/\/api.w.org\/{rel}","templated":true}]}}