{"id":5476,"date":"2020-02-21T16:26:39","date_gmt":"2020-02-21T19:26:39","guid":{"rendered":"http:\/\/gobierno.udd.cl\/cpp\/?p=5476"},"modified":"2020-02-21T16:26:39","modified_gmt":"2020-02-21T19:26:39","slug":"la-invisibilidad-de-pinera-la-estrategia-del-gobierno-para-evitar-conflictos-con-la-udi-en-materia-constituyente-el-mostrador","status":"publish","type":"post","link":"https:\/\/gobierno.udd.cl\/cpp\/noticias\/2020\/02\/21\/la-invisibilidad-de-pinera-la-estrategia-del-gobierno-para-evitar-conflictos-con-la-udi-en-materia-constituyente-el-mostrador\/","title":{"rendered":"La \u201cinvisibilidad\u201d de Pi\u00f1era: la estrategia del Gobierno para evitar conflictos con la UDI en materia constituyente &#8211; El Mostrador"},"content":{"rendered":"<p style=\"text-align: justify;\">Como en pocas ocasiones, el Presidente Sebasti\u00e1n Pi\u00f1era prefiri\u00f3 no ser protagonista de un episodio de tintes hist\u00f3ricos, como es el momento constituyente, el proceso pol\u00edtico m\u00e1s importante desde el retorno de la democracia. La determinaci\u00f3n, no pas\u00f3 decisi\u00f3n de mostrar un nuevo perfil del jefe de Estado, m\u00e1s austero, y sino m\u00e1s bien, un fr\u00edo y simple c\u00e1lculo: evitar abrir todo flanco interno en Chile Vamos, en especial con la UDI, ya que al hacerlo esto traer\u00eda m\u00e1s agua al molino propio, que el haber enarbolado las banderas republicanas.<\/p>\n<p style=\"text-align: justify;\">La apuesta de palacio es a mediano plazo, y consiste principalmente en pasar lo m\u00e1s desapercibido posible, y de esta manera aguantar \u201cla tormenta\u201d que traer\u00eda un triunfo de la opci\u00f3n Apruebo. La mejor manera de salir jugando, opinas en La Moneda, es salir jugando con foco en el d\u00eda 27 de abril -el d\u00eda siguiente del prebliscito- momento en que -apuestan-deber\u00eda comenzar a darse \u201cvuelta la tortilla\u201d.<\/p>\n<p style=\"text-align: justify;\">La teor\u00eda que se impuso, y que ha encontrado una positiva respuesta entre sus huestes, consiste en que si bien hoy el mensaje del oficialismo es confuso, considerando que hay sectores que apuestan por el Rechazo, y otros por el Apruebo, \u2013 a diferencia de la oposici\u00f3n que est\u00e1 alineada detr\u00e1s del apruebo-, una vez triunfe la opci\u00f3n que pavimenta el camino hacia una nueva constituci\u00f3n, los papeles se invertir\u00edan, considerando el abanico de miradas que existen en ese espacio de la izquierda chilena y del cual -opinan- deber\u00edan evidenciarse con fuerza sus contradicciones.<\/p>\n<p style=\"text-align: justify;\">La teor\u00eda del Presidente Pi\u00f1era, es en este caso, apoyada por el analista Axel Call\u00eds, quien explic\u00f3 que \u201cla oposici\u00f3n aparte de estar fragmentada, tiene una diversidad ideol\u00f3gica, pol\u00edtica, cultural, social, planetaria, absolutamente diversa (\u2026) la derecha tiene una unidad cultural cristiana, basada en una forma individualista de ver la vida que es completamente m\u00e1s peque\u00f1a y m\u00e1s coherente. Adem\u00e1s, agreg\u00f3 que la elite de la derecha vive toda en una misma parte. La gran fortaleza que tiene la derecha\u201d es su homogeneidad cultural\u201d, apunt\u00f3.<\/p>\n<p style=\"text-align: justify;\">Uno de los factores que llev\u00f3 a La Moneda a fraguar su \u201cinvisibilidad\u201d en materia constituyente, encuentra sustento en la guerra fr\u00eda que existe al interior del oficialismo, en donde la opci\u00f3n por el rechazo, levantado por el sector conservador, busca asfixiar a la opci\u00f3n Apruebo,\u00a0 que encuentra a varios simpatizantes dentro del propio Gobierno.<\/p>\n<p style=\"text-align: justify;\">La famosa \u201cpol\u00edtica de la prescindencia\u201d fue el resultado de una exigencia impuesta precisamente por los sectores m\u00e1s conservadores de Chile Vamos, a tal punto que, hasta hace poco, pusieron en duda concretar el compromiso de llevar a cabo una campa\u00f1a de participaci\u00f3n ciudadana como reflejo de una democracia sana. La duda eman\u00f3 del temor a que cualquier \u201ccolor o palabra\u201d, fuera mal interpretada por la UDI. El factor miedo, reconocen en La Moneda, fue uno de los factores que debilit\u00f3 la posici\u00f3n republicana.<\/p>\n<p style=\"text-align: justify;\">Al interior de la casa de Gobierno aseguraron que el Mandatario lo que m\u00e1s quiere es \u201cevitar una batalla al interior del gabinete\u201d, ya que estar\u00eda plenamente consciente de lo que significar\u00eda esta contienda a semanas de que se inicie marzo, el mes m\u00e1s complejo para Pi\u00f1era desde octubre del a\u00f1o pasado.<\/p>\n<p style=\"text-align: justify;\">La guerra declarada entre los presidentes de la UDI y Renovaci\u00f3n Nacional -Jaqueline van Rysselberghe y Mario Desbordes- ha llevado a que los ministros del gabinete revisen una y otra vez cada una de sus palabras y respuestas en una eventual entrevista o punto de prensa, pues tienen interiorizado que cualquier paso en falso, puede echar por tierra la \u201ctensa calma\u201d que se vive en la administraci\u00f3n.<\/p>\n<p style=\"text-align: justify;\">En Palacio el mensaje fue le\u00eddo con claridad, y se tom\u00f3 nota del tono poco conciliador de la ministra de Educaci\u00f3n, Marcela Cubillos, quien en una entrevista sali\u00f3 a \u201cequilibrar la desobediencia\u201d, en la que hab\u00edan incurrido los ministros de Vivienda, Cristi\u00e1n Monckeberg y de Hacienda, Ignacio Briones, quienes hab\u00edan dejado en claro que su posici\u00f3n era a favor del Apruebo.<\/p>\n<p style=\"text-align: justify;\">Este escenario de crispaci\u00f3n interna -comentaron en el Ejecutivo- hizo que hasta al menos el vieres 14 de febrero, el Gobierno no tuviera claro si le iba a dar el visto bueno o no a la promesa de llevar a delante la campa\u00f1a informativa. Para salir de la encrucijada algunos miembros del comit\u00e9 pol\u00edtico sostuvieron incluso que, estando en marcha la campa\u00f1a de informaci\u00f3n del Servel, m\u00e1s las notas y reportajes que se publican diariamente, ser\u00eda innecesaria la inversi\u00f3n del Ejecutivo en la materia y que podr\u00eda considerar como cumplida la primera etapa de informaci\u00f3n a la sociedad. D\u00edas despu\u00e9s, se pens\u00f3 mejor y finalmente se decidi\u00f3 por sacar adelante el compromiso, aunque hasta el d\u00eda de hoy, no se sabe del alcance, gasto, ni formato de la misma; menos el mensaje. Con esto el Gobierno confirm\u00f3 su decisi\u00f3n de ausentarse del entusiasmo que \u00a0pudiera haber provocado a otras administraciones el momentum constituyente que se vive en Chile.<\/p>\n<p style=\"text-align: justify;\">El timorato actuar de parte del Gobierno -supeditado a la amenaza de los actores m\u00e1s conservadores-\u00a0 se puede ejemplificar en un caso en particular. Si bien, se puede encontrar en varias de las vocer\u00edas de Palacio un llamado a participar del plebiscito, este escasamente se relev\u00f3 en la voz de la primera autoridad del pa\u00eds, una decisi\u00f3n estrat\u00e9gica a todas luces, y que sirve como respuesta para todos. Vale decir, por una parte, se cumple con el llamado a la participaci\u00f3n; pero por otro, no se irrumpe en la agenda pol\u00edtica con el mismo.<\/p>\n<p style=\"text-align: justify;\">Fuentes al interior de la UDI, aseguran que son dos los personeros que estar\u00edan cumpliendo la labor de fiscalizar a La Moneda, y que han calificado de efectivas considerando, que m\u00e1s all\u00e1 de \u201cuna u otra entrevista\u201d, institucionalmente la prescindencia no se toca. Tal es el caso de la presidenta, Jaqueline van Rysselberghe, y el hist\u00f3rico senador, Juan Antonio Coloma, de quien -aseguraron- ahora, sin Andr\u00e9s Chadwick trabajando en el coraz\u00f3n del ejecutivo, \u201cha logrado un mayor protagonismo e influencias en el c\u00edrculo m\u00e1s cercano al jefe de Estado\u201d.<\/p>\n<p style=\"text-align: justify;\">Para el <strong>vicedecano de la\u00a0<span class=\"highlight\">Universidad<\/span>\u00a0<span class=\"highlight\">del<\/span>\u00a0<span class=\"highlight\">Desarrollo<\/span>,\u00a0<span class=\"highlight\">Rodrigo<\/span>\u00a0<span class=\"highlight\">Arellano<\/span><\/strong>, la determinaci\u00f3n del Gobierno es pr\u00e1ctica. \u201cCreo que es demasiado importante en este minuto, mostrar fortaleza y unidad, y hemos visto que, tanto en la Concertaci\u00f3n como el Gobierno, ha generado quiebres que han sido relevantes. Pi\u00f1era con esta decisi\u00f3n lo que busca es alejar cualquier tipo de riesgo y quiebre dentro de su propio gabinete\u201d.<\/p>\n<p style=\"text-align: justify;\">M\u00e1s all\u00e1 de estar de acuerdo o no con la estrategia, el abogado del \u00e1rea legislativa de la Fundaci\u00f3n Jaime Guzm\u00e1n, Emiliano Garc\u00eda, fustig\u00f3 al Ejecutivo, apuntando que no habr\u00eda cumplido con su promesa.\u201dEl Gobierno ha manifestado de diversas formas su preferencia por la opci\u00f3n del \u201cApruebo\u201d, lo cual evidentemente representa un problema porque el Ejecutivo debe ser un garante imparcial del proceso constituyente, m\u00e1s que un activo promotor de una alternativa u otra.\u201d<\/p>\n<p style=\"text-align: justify;\"><strong>Revisa la nota web haciendo click en la fotograf\u00eda<\/strong><\/p>\n<p><a href=\"https:\/\/www.elmostrador.cl\/noticias\/pais\/2020\/02\/21\/la-invisibilidad-de-pinera-la-estrategia-del-gobierno-para-evitar-conflictos-con-la-udi-en-materia-constituyente\/\"><img loading=\"lazy\" decoding=\"async\" class=\"size-medium wp-image-5477 aligncenter\" src=\"http:\/\/gobierno.udd.cl\/cpp\/files\/2020\/03\/a_uno_1086837-1024x643-1-700x440-1-300x189.jpg\" alt=\"\" width=\"300\" height=\"189\" srcset=\"https:\/\/gobierno.udd.cl\/cpp\/files\/2020\/03\/a_uno_1086837-1024x643-1-700x440-1-300x189.jpg 300w, https:\/\/gobierno.udd.cl\/cpp\/files\/2020\/03\/a_uno_1086837-1024x643-1-700x440-1.jpg 700w\" sizes=\"auto, (max-width: 300px) 100vw, 300px\" \/><\/a><\/p>\n","protected":false},"excerpt":{"rendered":"<p>Supeditado a un ambiente de crispaci\u00f3n interna, donde el sector m\u00e1s conservador de Chile Vamos apuesta mayoritariamente por el Rechazo a una nueva constituci\u00f3n mientras que dentro del propio Gobierno hay quienes se decantan por la opci\u00f3n Apruebo, el Ejecutivo tiene plena conciencia de que cualquier exabrupto puede desatar una crisis mayor en el oficialismo. Esto hizo que el Gobierno entendiera que la prescindencia exigida principalmente por la UDI, fuera la estrategia ideal para navegar las aguas de aqu\u00ed hasta el 26 de abril. El temor de tocar cualquier fibra interna llev\u00f3 al Mandatario, como pocas veces, a restarse, a sumergirse y pasar a un segundo plano en el proceso pol\u00edtico m\u00e1s importante desde el fin de la dictadura. <\/p>\n","protected":false},"author":0,"featured_media":4478,"comment_status":"open","ping_status":"open","sticky":false,"template":"","format":"standard","meta":{"footnotes":""},"categories":[10162],"tags":[],"class_list":["post-5476","post","type-post","status-publish","format-standard","has-post-thumbnail","hentry","category-centro-en-la-prensa"],"featured_image_url":"https:\/\/gobierno.udd.cl\/cpp\/files\/2019\/06\/Graficas_PoliticasPublicas-03.jpg","_links":{"self":[{"href":"https:\/\/gobierno.udd.cl\/cpp\/wp-json\/wp\/v2\/posts\/5476","targetHints":{"allow":["GET"]}}],"collection":[{"href":"https:\/\/gobierno.udd.cl\/cpp\/wp-json\/wp\/v2\/posts"}],"about":[{"href":"https:\/\/gobierno.udd.cl\/cpp\/wp-json\/wp\/v2\/types\/post"}],"replies":[{"embeddable":true,"href":"https:\/\/gobierno.udd.cl\/cpp\/wp-json\/wp\/v2\/comments?post=5476"}],"version-history":[{"count":0,"href":"https:\/\/gobierno.udd.cl\/cpp\/wp-json\/wp\/v2\/posts\/5476\/revisions"}],"wp:featuredmedia":[{"embeddable":true,"href":"https:\/\/gobierno.udd.cl\/cpp\/wp-json\/wp\/v2\/media\/4478"}],"wp:attachment":[{"href":"https:\/\/gobierno.udd.cl\/cpp\/wp-json\/wp\/v2\/media?parent=5476"}],"wp:term":[{"taxonomy":"category","embeddable":true,"href":"https:\/\/gobierno.udd.cl\/cpp\/wp-json\/wp\/v2\/categories?post=5476"},{"taxonomy":"post_tag","embeddable":true,"href":"https:\/\/gobierno.udd.cl\/cpp\/wp-json\/wp\/v2\/tags?post=5476"}],"curies":[{"name":"wp","href":"https:\/\/api.w.org\/{rel}","templated":true}]}}