{"id":5462,"date":"2020-02-06T15:30:54","date_gmt":"2020-02-06T18:30:54","guid":{"rendered":"http:\/\/gobierno.udd.cl\/cpp\/?p=5462"},"modified":"2020-02-06T15:30:54","modified_gmt":"2020-02-06T18:30:54","slug":"barras-bravas-que-sabotean-el-futbol-y-destruyen-el-pais-que-las-motiva-como-se-organizan-quien-las-financia-quien-las-respalda-radio-santiago","status":"publish","type":"post","link":"https:\/\/gobierno.udd.cl\/cpp\/noticias\/2020\/02\/06\/barras-bravas-que-sabotean-el-futbol-y-destruyen-el-pais-que-las-motiva-como-se-organizan-quien-las-financia-quien-las-respalda-radio-santiago\/","title":{"rendered":"Barras bravas que sabotean el f\u00fatbol y destruyen el pa\u00eds: qu\u00e9 las motiva, c\u00f3mo se organizan, qui\u00e9n las financia, qui\u00e9n las respalda &#8211; Radio Santiago"},"content":{"rendered":"<p style=\"text-align: justify;\">\u00bfPuede una barra brava apartarse de su raz\u00f3n de ser primaria, que es ser la hinchada de un equipo de f\u00fatbol y convertirse en algo m\u00e1s? Para el\u00a0arquitecto Iv\u00e1n Poduje, miembro del Consejo Nacional de Desarrollo Urbano,\u00a0la respuesta es afirmativa. Las barras, explica, como organizaciones sociales trascienden el deporte, est\u00e1n coordinadas en los barrios y vinculadas a otras organizaciones, por tanto\u00a0pueden seguir operando aunque se suspenda el torneo nacional.<\/p>\n<p style=\"text-align: justify;\">El 31 de enero levantaron un lienzo en el partido entre\u00a0Coquimbo Unido y Audax Italiano:\u00a0\u00abcalles con sangre, canchas sin f\u00fatbol\u00bb. Esa tarde impidieron el desarrollo normal del encuentro, se enfrentaron a los guardias de seguridad y rompieron la cabina del VAR, lo que ocasion\u00f3 la suspensi\u00f3n del duelo. El 2 de febrero en San Carlos de Apoquindo hubo otro episodio de gravedad en el encuentro entre\u00a0Universidad Cat\u00f3lica vs. O\u2019Higgins\u00a0en el que cayeron tablones, botellas y bengalas cerca del arco defendido por\u00a0Mat\u00edas Dituro.<\/p>\n<p style=\"text-align: justify;\">Viernes, s\u00e1bado y domingo hubo episodios de violencia en los estadios.\u00a0Y lo peor se vivi\u00f3 el martes ala hora del encuentro entre Universidad de Chile y el Inter de Porto Alegre por la Copa Libertadores. De acuerdo con la informaci\u00f3n entregada por Carabineros, hay 10 personas detenidas por delitos en los estadios durante el fin de semana, todas quedar\u00e1n con prohibici\u00f3n de asistir a las sedes, sea por prohibici\u00f3n judicial o por ejercicio del derecho de admisi\u00f3n. Adem\u00e1s, trascendi\u00f3 que las autoridades tienen posibilidades de identificar a otras 30 personas gracias a las c\u00e1maras de seguridad de los estadios y el trabajo de Carabineros.<\/p>\n<p style=\"text-align: justify;\">Esto se suma a un informe del gobierno difundido por El Mercurio el 24 de diciembre pasado que da cuenta de que desde el 18 de octubre hasta esa fecha\u00a0detuvieron a 107 personas pertenecientes a las barras bravas:\u00a072 de ellos residentes de la Regi\u00f3n Metropolitana, 23 en la regi\u00f3n de Valpara\u00edso y 4 en la regi\u00f3n del Biob\u00edo. Los 8 restantes se dividen en otras zonas del pa\u00eds.\u00a0Se les vincul\u00f3 a delitos como saqueos, robo, incendio y violaci\u00f3n a la Ley de Control de Armas.\u00a0Tambi\u00e9n se detall\u00f3 que 63 simpatizan con la Garra Blanca de Colo Colo; 26 con Los de Abajo de Universidad de Chile; 16 con los P\u00e1nzers de Santiago Wanderers y 2 con Los Cruzados de Universidad Cat\u00f3lica.<\/p>\n<p style=\"text-align: justify;\">Integrantes de la Garra Blanca y de Los de Abajo han estado desde el mes de octubre en medio de las manifestaciones. Llaman a movilizarse y a mantenerse en las calles con un rol activo en las protestas. \u201cTiemblen, se les viene marzo y no habr\u00e1 gobierno ni leyes represivas que lo resista\u201d, escribi\u00f3 en Twitter a finales de enero la facci\u00f3n denominada antifascista de la Garra Blanca.<\/p>\n<p style=\"text-align: justify;\">En octubre pasado por lo menos 14 barras bravas de los equipos de f\u00fatbol locales mostraron su respaldo a las movilizaciones. Adem\u00e1s,\u00a016 de estos grupos emitieron comunicados o pronunciamientos con la amenaza de boicotear el reinicio del Campeonato Nacional que estaba previsto para el 15 de noviembre.\u00a0Finalmente el torneo fue suspendido.<\/p>\n<p style=\"text-align: justify;\">El\u00a0<strong>profesor e investigador del Centro de Pol\u00edticas P\u00fablicas de la Facultad de Gobierno de la\u00a0<span class=\"highlight\">Universidad<\/span>\u00a0<span class=\"highlight\">del<\/span>\u00a0<span class=\"highlight\">Desarrollo<\/span>\u00a0Jos\u00e9 de la Cruz Garrido<\/strong>,\u00a0quien ha trabajado en distintas poblaciones de la Regi\u00f3n Metropolitana, afirma que las barras \u201ctienen una larga historia de relaciones pol\u00edticas, han funcionado como brigadistas de distintos sectores. Vienen a ser una suerte de milicias, tomando el concepto cl\u00e1sico, ya que funcionan como soldados. Han estado asociados a dirigentes de f\u00fatbol, lo que les ha dado un poder importante. Aparte, tienen el control de vastos territorios en Santiago, y tienen v\u00ednculos con el narcotr\u00e1fico\u201d.<\/p>\n<p style=\"text-align: justify;\">El investigador utiliza la palabra \u201cmercenarios\u201d pues los grupos, y en particular algunas facciones, no operan en funci\u00f3n a una ideolog\u00eda o principios:\u00a0pueden trabajar para la campa\u00f1a del \u00absenador A\u00bb de la derecha y despu\u00e9s para el \u00absenador B\u00bb de la izquierda, dependiendo de d\u00f3nde est\u00e9 el dinero; esto ocurre en particular en los sectores vinculados al tr\u00e1fico de drogas donde se necesita el control territorial que tienen estas organizaciones para poder calar. En las periferias hay se\u00f1ales f\u00edsicas de ese control territorial con los \u00e1rboles y postes pintados con los colores de los equipos.<\/p>\n<p style=\"text-align: justify;\">Agrega que este no es un fen\u00f3meno que sea exclusivo de Chile. \u201cEn Inglaterra pas\u00f3 lo mismo, en los 80 los Hooligans estaban vinculados a los anarquistas y eran antisistema y contra la reina\u201d, y menciona tambi\u00e9n los disturbios que hubo en 2011 en Londres, Birmingham, Manchester, Salford, Liverpool y Nottingham en las que hubo un importante sentimiento \u201canti-policial\u201d.<\/p>\n<p style=\"text-align: justify;\">\u201cEstos sectores son hist\u00f3ricamente anti-polic\u00edas, por eso hay tanto rayado de ese tipo. No hay uno que diga \u2018quiero una nueva constituci\u00f3n\u2019 o un nuevo sistema pol\u00edtico. Ese es su enemigo, y no solamente en Chile.\u00a0Ellos odian a la polic\u00eda, la polic\u00eda los reprime y as\u00ed sucesivamente por a\u00f1os, y lo que observamos ahora es el resultado de una relaci\u00f3n de enemistad y conflicto entre polic\u00edas y barras bravas.\u00a0Ahora est\u00e1n dadas las condiciones medioambientales para que haya, digamos, una \u2018vendetta\u201d, agrega.<\/p>\n<p style=\"text-align: justify;\">En este punto coincide Poduje, quien se refiere al concepto de la \u201cyuta\u201d que aparece en la mayor\u00eda de los rayados, y es a quienes se enfrentan directamente.<\/p>\n<p style=\"text-align: justify;\">En las redes sociales las barras incluso han tratado de borrar sus diferencias con im\u00e1genes que dicen \u201cperdimos mucho tiempo luchando entre nosotros\u201d. De esta manera construyen un enemigo com\u00fan y no se muestran d\u00e9biles al luchar separadas contra la polic\u00eda, explica el <strong>profesor de la\u00a0<span class=\"highlight\">UDD<\/span>.<\/strong><\/p>\n<p style=\"text-align: justify;\">\u201cSi se juntan y tienen territorios y causas en com\u00fan son un fen\u00f3meno mucho m\u00e1s complejo. Cuentan con muchos recursos, sobre todo tiempo, tienen todo el tiempo del mundo para dedicarse a esto. No necesariamente est\u00e1n trabajando, probablemente tengan v\u00ednculos con grupos asociados al contrabando o tr\u00e1fico de drogas. A cualquier actividad il\u00edcita que te permita generar recursos de manera f\u00e1cil y seguir en la pol\u00edtica, en las campa\u00f1as.\u00a0No tenemos estudios serios sobre qui\u00e9nes han financiado hist\u00f3ricamente a las barras bravas, eso explicar\u00eda de d\u00f3nde vienen los recursos y la protecci\u00f3n.\u00a0La ley de violencia en los estadios nunca ha funcionado. Estos son grupos complejos que han sido subestimados en su potencial y hoy vemos los resultados\u201d, asevera Garrido.<\/p>\n<p style=\"text-align: justify;\">Pese a las actividades conexas, Garrido no cree que estas organizaciones puedan existir separadas del f\u00fatbol, por la fortaleza del deporte desde el punto de vista psicol\u00f3gico y la fuerte adhesi\u00f3n que genera.<\/p>\n<p style=\"text-align: justify;\">Por tanto, sostiene, hay que tener especial atenci\u00f3n sobre estas organizaciones al momento de dise\u00f1ar pol\u00edticas p\u00fablicas en materia de seguridad.\u00a0\u201cNo todos los integrantes de una barra brava piensan igual, pero basta con que un grupo importante de estas facciones est\u00e9 en sinton\u00eda con este proceso, con el movimiento que hay en Plaza Baquedano para que sean una llama dif\u00edcil de apagar porque se auto-combustionan.\u00a0Tienen recursos humanos, son facciones, y hay que hacer un trabajo de inteligencia importante, cu\u00e1les est\u00e1n involucrados, cu\u00e1les son sus redes, los barrios a los que pertenecen y probablemente esa sea una investigaci\u00f3n de largo aliento\u201d, advierte Garrido.<\/p>\n<p style=\"text-align: justify;\">Para Poduje, las barras bravas junto con los estudiantes secundarios \u201cson la fuerza de choque m\u00e1s organizada, con m\u00e1s entrenamiento y con m\u00e1s efectividad\u201d. Insiste en que \u201cel f\u00fatbol es lo que los une, pero ellos tienen un despliegue en el territorio, se organizan por barrios, tienen actividades. El f\u00fatbol es el elemento central, pero no el \u00fanico\u201d.<\/p>\n<p style=\"text-align: justify;\">En consecuencia, \u00bfes parad\u00f3jico que si el f\u00fatbol es el elemento que les da identidad, sean las mismas barras las que llamen a detener los partidos? Ante esto, el arquitecto responde que\u00a0\u201cla barra tiene varias agendas y una de ellas es estar en el movimiento social, entonces para ellos este es el mejor de los mundos, porque siempre eran condenados por la opini\u00f3n p\u00fablica por la violencia en los estadios, pero ahora tienen a la opini\u00f3n p\u00fablica a su favor.\u00a0Tienen pol\u00edticos a favor de ellos, tienen intelectuales a favor de ellos. Entonces, por qu\u00e9 raz\u00f3n van a dejar de existir, nunca hab\u00edan estado mejor que ahora\u201d.<\/p>\n<p><strong>Revisa la nota completa haciendo click en la fotograf\u00eda<\/strong><\/p>\n<p><a href=\"https:\/\/www.radiosantiago.cl\/archivo\/118504\"><img loading=\"lazy\" decoding=\"async\" class=\"size-medium wp-image-5463 aligncenter\" src=\"http:\/\/gobierno.udd.cl\/cpp\/files\/2020\/03\/barras-bravas-carabineros-vandalismo-1068x712-1-300x200.jpg\" alt=\"\" width=\"300\" height=\"200\" srcset=\"https:\/\/gobierno.udd.cl\/cpp\/files\/2020\/03\/barras-bravas-carabineros-vandalismo-1068x712-1-300x200.jpg 300w, https:\/\/gobierno.udd.cl\/cpp\/files\/2020\/03\/barras-bravas-carabineros-vandalismo-1068x712-1-1024x683.jpg 1024w, https:\/\/gobierno.udd.cl\/cpp\/files\/2020\/03\/barras-bravas-carabineros-vandalismo-1068x712-1-768x512.jpg 768w, https:\/\/gobierno.udd.cl\/cpp\/files\/2020\/03\/barras-bravas-carabineros-vandalismo-1068x712-1.jpg 1068w\" sizes=\"auto, (max-width: 300px) 100vw, 300px\" \/><\/a><\/p>\n","protected":false},"excerpt":{"rendered":"<p>El \u00faltimo y m\u00e1s grave ejemplo fue el vivido el martes por la noche en el Estadio Nacional. No les import\u00f3 perjudicar a la U, supuestamente el club de sus amores \u00bb y por el que dan la vida\u00bb. Como bien lo dijo Sergio Superman Vargas: \u00abSon lacras sociales\u00bb.<\/p>\n","protected":false},"author":0,"featured_media":4478,"comment_status":"open","ping_status":"open","sticky":false,"template":"","format":"standard","meta":{"footnotes":""},"categories":[10162],"tags":[],"class_list":["post-5462","post","type-post","status-publish","format-standard","has-post-thumbnail","hentry","category-centro-en-la-prensa"],"featured_image_url":"https:\/\/gobierno.udd.cl\/cpp\/files\/2019\/06\/Graficas_PoliticasPublicas-03.jpg","_links":{"self":[{"href":"https:\/\/gobierno.udd.cl\/cpp\/wp-json\/wp\/v2\/posts\/5462","targetHints":{"allow":["GET"]}}],"collection":[{"href":"https:\/\/gobierno.udd.cl\/cpp\/wp-json\/wp\/v2\/posts"}],"about":[{"href":"https:\/\/gobierno.udd.cl\/cpp\/wp-json\/wp\/v2\/types\/post"}],"replies":[{"embeddable":true,"href":"https:\/\/gobierno.udd.cl\/cpp\/wp-json\/wp\/v2\/comments?post=5462"}],"version-history":[{"count":0,"href":"https:\/\/gobierno.udd.cl\/cpp\/wp-json\/wp\/v2\/posts\/5462\/revisions"}],"wp:featuredmedia":[{"embeddable":true,"href":"https:\/\/gobierno.udd.cl\/cpp\/wp-json\/wp\/v2\/media\/4478"}],"wp:attachment":[{"href":"https:\/\/gobierno.udd.cl\/cpp\/wp-json\/wp\/v2\/media?parent=5462"}],"wp:term":[{"taxonomy":"category","embeddable":true,"href":"https:\/\/gobierno.udd.cl\/cpp\/wp-json\/wp\/v2\/categories?post=5462"},{"taxonomy":"post_tag","embeddable":true,"href":"https:\/\/gobierno.udd.cl\/cpp\/wp-json\/wp\/v2\/tags?post=5462"}],"curies":[{"name":"wp","href":"https:\/\/api.w.org\/{rel}","templated":true}]}}