{"id":5456,"date":"2020-02-07T15:20:53","date_gmt":"2020-02-07T18:20:53","guid":{"rendered":"http:\/\/gobierno.udd.cl\/cpp\/?p=5456"},"modified":"2020-02-07T15:20:53","modified_gmt":"2020-02-07T18:20:53","slug":"se-puede-o-no-marcar-ac-en-el-voto-del-plebiscito-del-26-de-abril","status":"publish","type":"post","link":"https:\/\/gobierno.udd.cl\/cpp\/noticias\/2020\/02\/07\/se-puede-o-no-marcar-ac-en-el-voto-del-plebiscito-del-26-de-abril\/","title":{"rendered":"Se puede o no marcar AC en el voto del plebiscito del 26 de abril"},"content":{"rendered":"<p style=\"text-align: justify;\">\u00bfSe anula o no un voto que, adem\u00e1s elegir una opci\u00f3n, tiene otra marca? La respuesta no es exacta\u00a0y el debate surgi\u00f3 en medio de llamados de la Mesa de Unidad Social para escribir AC (asamblea constituyente).<\/p>\n<p style=\"text-align: justify;\">Si bien desde el Servel explicaron que un voto es v\u00e1lido siempre que tenga\u00a0las preferencias claramente marcadas, m\u00e1s all\u00e1 de si tiene alguna otra leyenda, eso puede abrir un amplio debate.<\/p>\n<p style=\"text-align: justify;\">Y es que, en ese caso, el voto se escrutar\u00e1 a favor de la opci\u00f3n que se\u00a0indique, pero se considerar\u00e1 como \u201cmarcado\u201d, lo que queda en el acta.<\/p>\n<p style=\"text-align: justify;\">Eso implica que los apoderados de mesa podr\u00e1n hacer reclamaciones, para que queden fuera o dentro, dependiendo el caso. Un riesgo, dicen los expertos.<\/p>\n<p style=\"text-align: justify;\">El analista Aldo Cassinelli dijo que este tipo de campa\u00f1as,\u00a0\u201cle hacen mal al ambiente, porque crean m\u00e1s ruido al introducir una variable adicional\u201d. Adem\u00e1s, manifest\u00f3 que \u201ces como retrotraerse a elecciones anteriores\u00bb.<\/p>\n<p style=\"text-align: justify;\">En el mismo sentido, el\u00a0<strong>director Centro de Pol\u00edticas P\u00fablicas de la\u00a0<span class=\"highlight\">UDD<\/span>,\u00a0<span class=\"highlight\">Gonzalo<\/span>\u00a0<span class=\"highlight\">M\u00fcller<\/span><\/strong>, coment\u00f3 que junto con tener \u201cescaso efecto pr\u00e1ctico\u201d, poner otra leyenda \u201cpodr\u00edan en riesgo la preferencia expresada, al poder ser objetados o incluso anulados\u201d. Consultado por el resurgimiento de este tipo de campa\u00f1as, manifest\u00f3 que\u00a0\u201cson expresiones de la polarizaci\u00f3n que existe en nuestra pol\u00edtica\u201d. Implicar\u00eda\u00a0mayores probabilidades de conflicto entre los distintos apoderados de mesa. Habr\u00e1, a su juicio, \u201cexceso de discurso de identidad\u201d.<\/p>\n<h4 style=\"text-align: justify;\">La campa\u00f1a va igual<\/h4>\n<p style=\"text-align: justify;\">Aunque los llamados han surgido desde las distintas veredas, la que ha cobrado mayor notoriedad, al menos en redes sociales, es la de marcar AC. Y quienes est\u00e1n por esa opci\u00f3n, pese a ser advertidos de los \u201criesgos\u201d, aseguran que persistir\u00e1n.<\/p>\n<p style=\"text-align: justify;\">Esteban Maturana, dirigente de la Confusam, asever\u00f3 que evaluaron los peligros, pero que no cambiar\u00e1n de opini\u00f3n. Es una forma\u00a0\u201cde expresar con claridad que la convenci\u00f3n constituyente no es lo mismo que una asamblea y que estamos en desacuerdo con el acuerdo que hicieron los partidos\u201d.<\/p>\n<p style=\"text-align: justify;\">\u201cObviamente sabemos que esos pueden ser objetados, lo que va a exigir tener apoderados en todas las mesas de Chile. Pero tenemos una experiencia positiva [\u2026] Vamos a hacer una campa\u00f1a informativa y buscaremos a esas personas\u201d, sostuvo.<\/p>\n<p style=\"text-align: justify;\"><strong>Haz click en la fotograf\u00eda para revisar la nota completa<\/strong><\/p>\n<p><a href=\"https:\/\/www.publimetro.cl\/cl\/noticias\/2020\/02\/07\/voto-plebiscito-ac-riesgos-nulo.html\"><img loading=\"lazy\" decoding=\"async\" class=\"size-medium wp-image-5457 aligncenter\" src=\"http:\/\/gobierno.udd.cl\/cpp\/files\/2020\/03\/auno1143039-a48ff32650f23686593386f85f35e37c-1200x600-1-300x150.jpg\" alt=\"\" width=\"300\" height=\"150\" srcset=\"https:\/\/gobierno.udd.cl\/cpp\/files\/2020\/03\/auno1143039-a48ff32650f23686593386f85f35e37c-1200x600-1-300x150.jpg 300w, https:\/\/gobierno.udd.cl\/cpp\/files\/2020\/03\/auno1143039-a48ff32650f23686593386f85f35e37c-1200x600-1-1024x512.jpg 1024w, https:\/\/gobierno.udd.cl\/cpp\/files\/2020\/03\/auno1143039-a48ff32650f23686593386f85f35e37c-1200x600-1-768x384.jpg 768w, https:\/\/gobierno.udd.cl\/cpp\/files\/2020\/03\/auno1143039-a48ff32650f23686593386f85f35e37c-1200x600-1.jpg 1200w\" sizes=\"auto, (max-width: 300px) 100vw, 300px\" \/><\/a><\/p>\n","protected":false},"excerpt":{"rendered":"<p>Revivi\u00f3 una campa\u00f1a de hace a\u00f1os. Esta vez, en el plebiscito del 26 de abril. Si bien con eso se busca dar una \u201cse\u00f1al pol\u00edtica\u201d, puede terminar perjudicando tu opci\u00f3n.<\/p>\n","protected":false},"author":0,"featured_media":4478,"comment_status":"open","ping_status":"open","sticky":false,"template":"","format":"standard","meta":{"footnotes":""},"categories":[10162,12316],"tags":[],"class_list":["post-5456","post","type-post","status-publish","format-standard","has-post-thumbnail","hentry","category-centro-en-la-prensa","category-publimetro"],"featured_image_url":"https:\/\/gobierno.udd.cl\/cpp\/files\/2019\/06\/Graficas_PoliticasPublicas-03.jpg","_links":{"self":[{"href":"https:\/\/gobierno.udd.cl\/cpp\/wp-json\/wp\/v2\/posts\/5456","targetHints":{"allow":["GET"]}}],"collection":[{"href":"https:\/\/gobierno.udd.cl\/cpp\/wp-json\/wp\/v2\/posts"}],"about":[{"href":"https:\/\/gobierno.udd.cl\/cpp\/wp-json\/wp\/v2\/types\/post"}],"replies":[{"embeddable":true,"href":"https:\/\/gobierno.udd.cl\/cpp\/wp-json\/wp\/v2\/comments?post=5456"}],"version-history":[{"count":0,"href":"https:\/\/gobierno.udd.cl\/cpp\/wp-json\/wp\/v2\/posts\/5456\/revisions"}],"wp:featuredmedia":[{"embeddable":true,"href":"https:\/\/gobierno.udd.cl\/cpp\/wp-json\/wp\/v2\/media\/4478"}],"wp:attachment":[{"href":"https:\/\/gobierno.udd.cl\/cpp\/wp-json\/wp\/v2\/media?parent=5456"}],"wp:term":[{"taxonomy":"category","embeddable":true,"href":"https:\/\/gobierno.udd.cl\/cpp\/wp-json\/wp\/v2\/categories?post=5456"},{"taxonomy":"post_tag","embeddable":true,"href":"https:\/\/gobierno.udd.cl\/cpp\/wp-json\/wp\/v2\/tags?post=5456"}],"curies":[{"name":"wp","href":"https:\/\/api.w.org\/{rel}","templated":true}]}}