{"id":5453,"date":"2020-02-12T15:05:44","date_gmt":"2020-02-12T18:05:44","guid":{"rendered":"http:\/\/gobierno.udd.cl\/cpp\/?p=5453"},"modified":"2020-02-12T15:05:44","modified_gmt":"2020-02-12T18:05:44","slug":"plebiscito-mueve-las-aguas-en-chile-vamos-como-navegar-para-resguardar-la-unidad-y-no-perder-la-ruta-en-ano-electoral-emol","status":"publish","type":"post","link":"https:\/\/gobierno.udd.cl\/cpp\/noticias\/2020\/02\/12\/plebiscito-mueve-las-aguas-en-chile-vamos-como-navegar-para-resguardar-la-unidad-y-no-perder-la-ruta-en-ano-electoral-emol\/","title":{"rendered":"Plebiscito mueve las aguas en Chile Vamos: \u00bfC\u00f3mo navegar para resguardar la unidad y no perder la ruta en a\u00f1o electoral? &#8211; Emol"},"content":{"rendered":"<p style=\"text-align: justify;\">\u00abSon dos meses donde vamos a tener que tener mucha capacidad, habilidad y respeto de todos quienes forman parte de la coalici\u00f3n, y nuestro rol como autoridades de Gobierno es darle garant\u00eda a los ciudadanos y tambi\u00e9n permitir que esa diversidad no termine significando un conflicto\u00bb.<\/p>\n<p style=\"text-align: justify;\">Esas fueron las palabras del ministro Gonzalo Blumel este martes sobre las corrientes que mueven en agua en el oficialismo. Todo motivado por los bandos que han surgido a favor del Apruebo o Rechazo en el plebiscito del 27 de abril por una nueva Constituci\u00f3n. Quienes est\u00e1n por mantener la actual Carta Magna de 1980, la UDI y parlamentarios RN, incluso de Ev\u00f3poli, ya han realizado campa\u00f1as a favor. Mientras que por la modificaci\u00f3n figuran otros representantes de Renovaci\u00f3n Nacional y del propio Ev\u00f3poli, aunque tambi\u00e9n del gremialismo, como el alcalde -y principal carta presidencial del bloque- Joaqu\u00edn Lav\u00edn.<\/p>\n<p style=\"text-align: justify;\">El tema tambi\u00e9n fue abordado por el senador RN Manuel Jos\u00e9 Ossand\u00f3n quien se\u00f1al\u00f3 que \u00abChile Vamos tiene que abrir todos los espacios para que todos puedan competir y manifestar lo que opinen, esa es la gracia, porque nosotros tenemos que llegar a puntos comunes\u00bb. En este escenario, diversos analistas abordan con Emol el panorama para Chile Vamos en los complejos meses venideros.<\/p>\n<p><strong>\u00bfC\u00f3mo debe manejarse en un tema con visiones contrapuestas?<\/strong><\/p>\n<p style=\"text-align: justify;\">\u00abChile Vamos enfrenta un momento complejo, pero corto. La diversidad de opciones frente al plebiscito de abril genera tensi\u00f3n y esto s\u00f3lo ir\u00e1 en aumento, por otro lado el post plebiscito y el ciclo electoral intenso de los pr\u00f3ximos 18 meses lo obligan a cuidar la unidad. Al final del d\u00eda en Chile Vamos las diferencias no son de principios, sino m\u00e1s bien de personalidades. As\u00ed que la receta es fortalecer la institucionalidad interna. El trabajo coordinado de los partidos facilita el di\u00e1logo y la coordinaci\u00f3n. Tampoco hay que dramatizar las diferencias, que son en parte lo que justifica que sean varios los partidos y no solo uno, como si todos pensaran igual. Los l\u00edmites de esta leg\u00edtima diferenciaci\u00f3n son el \u00e1nimo de trabajar juntos\u00bb,\u00a0<strong>Gonzalo M\u00fcller, director del Centro de Pol\u00edticas P\u00fablicas UDD.<\/strong><\/p>\n<p>&nbsp;<\/p>\n<p><strong>Revisa la nota original pinchando\u00a0<a href=\"https:\/\/www.emol.com\/noticias\/Nacional\/2020\/02\/12\/976351\/Plebiscito-constitucion-Chile-Vamos.html\">AQU\u00cd<\/a><\/strong><\/p>\n<p><img loading=\"lazy\" decoding=\"async\" class=\"size-medium wp-image-5454 aligncenter\" src=\"http:\/\/gobierno.udd.cl\/cpp\/files\/2020\/03\/file_20200211183131-1-300x169.jpg\" alt=\"\" width=\"300\" height=\"169\" srcset=\"https:\/\/gobierno.udd.cl\/cpp\/files\/2020\/03\/file_20200211183131-1-300x169.jpg 300w, https:\/\/gobierno.udd.cl\/cpp\/files\/2020\/03\/file_20200211183131-1-680x382.jpg 680w, https:\/\/gobierno.udd.cl\/cpp\/files\/2020\/03\/file_20200211183131-1.jpg 710w\" sizes=\"auto, (max-width: 300px) 100vw, 300px\" \/><\/p>\n","protected":false},"excerpt":{"rendered":"<p>Analistas abordan el escenario en el oficialismo por los bandos que han surgido a favor del Apruebo o Rechazo a la nueva Constituci\u00f3n, proceso que enfrentar\u00e1 su fecha clave el 26 de abril.<\/p>\n","protected":false},"author":0,"featured_media":4478,"comment_status":"open","ping_status":"open","sticky":false,"template":"","format":"standard","meta":{"footnotes":""},"categories":[10162,12315],"tags":[],"class_list":["post-5453","post","type-post","status-publish","format-standard","has-post-thumbnail","hentry","category-centro-en-la-prensa","category-emol"],"featured_image_url":"https:\/\/gobierno.udd.cl\/cpp\/files\/2019\/06\/Graficas_PoliticasPublicas-03.jpg","_links":{"self":[{"href":"https:\/\/gobierno.udd.cl\/cpp\/wp-json\/wp\/v2\/posts\/5453","targetHints":{"allow":["GET"]}}],"collection":[{"href":"https:\/\/gobierno.udd.cl\/cpp\/wp-json\/wp\/v2\/posts"}],"about":[{"href":"https:\/\/gobierno.udd.cl\/cpp\/wp-json\/wp\/v2\/types\/post"}],"replies":[{"embeddable":true,"href":"https:\/\/gobierno.udd.cl\/cpp\/wp-json\/wp\/v2\/comments?post=5453"}],"version-history":[{"count":0,"href":"https:\/\/gobierno.udd.cl\/cpp\/wp-json\/wp\/v2\/posts\/5453\/revisions"}],"wp:featuredmedia":[{"embeddable":true,"href":"https:\/\/gobierno.udd.cl\/cpp\/wp-json\/wp\/v2\/media\/4478"}],"wp:attachment":[{"href":"https:\/\/gobierno.udd.cl\/cpp\/wp-json\/wp\/v2\/media?parent=5453"}],"wp:term":[{"taxonomy":"category","embeddable":true,"href":"https:\/\/gobierno.udd.cl\/cpp\/wp-json\/wp\/v2\/categories?post=5453"},{"taxonomy":"post_tag","embeddable":true,"href":"https:\/\/gobierno.udd.cl\/cpp\/wp-json\/wp\/v2\/tags?post=5453"}],"curies":[{"name":"wp","href":"https:\/\/api.w.org\/{rel}","templated":true}]}}