{"id":5442,"date":"2020-02-07T13:51:32","date_gmt":"2020-02-07T16:51:32","guid":{"rendered":"http:\/\/gobierno.udd.cl\/cpp\/?p=5442"},"modified":"2020-02-07T13:51:32","modified_gmt":"2020-02-07T16:51:32","slug":"el-riesgo-de-los-mensajes-politicos-en-el-voto-publimetro","status":"publish","type":"post","link":"https:\/\/gobierno.udd.cl\/cpp\/noticias\/2020\/02\/07\/el-riesgo-de-los-mensajes-politicos-en-el-voto-publimetro\/","title":{"rendered":"El riesgo de los mensajes pol\u00edticos en el voto &#8211; Publimetro"},"content":{"rendered":"<p>\u00bfSe anula 0 no un voto que, adem\u00e1s elegir una opci\u00f3n, tiene otra marca? La respuesta no es exacta y el debate surgi\u00f3 en medio de llamados de la Mesa de Unidad Social para escribir AC (asamblea constituyente).<\/p>\n<p>Si bien desde el Servel explicaron que un voto es v\u00e1lido siempre que tenga las preferencias claramente marcadas, m\u00e1s all\u00e1 de si tiene alguna otra leyenda, eso puede abrir un amplio debate.<\/p>\n<p>Y es que, en ese caso, el voto se escrutar\u00e1 a favor de la opci\u00f3n que se indique, pero se considerar\u00e1 como \u201cmarcado\u201d, lo que queda en el acta. Eso implica que los apoderados de mesa podr\u00e1n hacer reclamaciones, para que queden fuera o dentro, dependiendo el caso. Un riesgo, dicen los expertos.<\/p>\n<p>El analista Aldo Cassinelli dijo que este tipo de campa\u00f1as, \u201cle hacen mal al ambiente, porque crean m\u00e1s ruido al introducir una variable adicional\u201d. Adem\u00e1s, manifest\u00f3 que \u201ces como retrotraerse a elecciones anteriores\u201d.<\/p>\n<p>En el mismo sentido, el <strong>director del Centro de Pol\u00edticas P\u00fablicas de la\u00a0<span class=\"highlight\">UDD<\/span>, Gonzalo M\u00fcller<\/strong>, coment\u00f3 que junto con tener \u201cescaso efecto pr\u00e1ctico\u201d, poner otra leyenda \u201cpodr\u00edan en riesgo la preferencia expresada, al poder ser objetados o incluso anulados\u201d. Consultado por el resurgimiento de este tipo de campa\u00f1as, manifest\u00f3 que \u201cson expresiones de la polarizaci\u00f3n que existe en nuestra pol\u00edtica\u201d. Implicar\u00eda mayores probabilidades de conflicto entre los distintos apoderados de mesa. Habr\u00e1, a su juicio, \u201cexceso de discurso de identidad\u201d.<\/p>\n<p>Aunque los llamados han surgido desde las distintas veredas, la que ha cobrado mayor notoriedad, al menos en redes sociales, es la de marcar AC. Y quienes est\u00e1n por esa opci\u00f3n, pese a ser advertidos de los \u201criesgos\u201d, aseguran que persistir\u00e1n.<\/p>\n<p>Esteban Maturana, dirigente de la Confusam, asever\u00f3 que evaluaron los peligros, pero que no cambiar\u00e1n de opini\u00f3n. Es una forma \u201cde expresar con claridad que la convenci\u00f3n constituyente no es lo mismo que una asamblea y que estamos en desacuerdo con el acuerdo que hicieron los partidos\u201d.<\/p>\n<p>\u201cObviamente sabemos que esos pueden ser objetados, lo que va a exigir tener apoderados en todas las mesas de Chile. Pero tenemos una experiencia positiva [&#8230;] Vamos a hacer una campa\u00f1a informativa y buscaremos a esas personas\u201d, sostuvo.<\/p>\n<p><a href=\"http:\/\/gobierno.udd.cl\/cpp\/files\/2020\/03\/2020-02-07_diario_publimetro_0008.jpeg\"><img loading=\"lazy\" decoding=\"async\" class=\"alignnone size-medium wp-image-5444\" src=\"http:\/\/gobierno.udd.cl\/cpp\/files\/2020\/03\/2020-02-07_diario_publimetro_0008-271x300.jpeg\" alt=\"\" width=\"271\" height=\"300\" srcset=\"https:\/\/gobierno.udd.cl\/cpp\/files\/2020\/03\/2020-02-07_diario_publimetro_0008-271x300.jpeg 271w, https:\/\/gobierno.udd.cl\/cpp\/files\/2020\/03\/2020-02-07_diario_publimetro_0008-925x1024.jpeg 925w, https:\/\/gobierno.udd.cl\/cpp\/files\/2020\/03\/2020-02-07_diario_publimetro_0008-768x850.jpeg 768w, https:\/\/gobierno.udd.cl\/cpp\/files\/2020\/03\/2020-02-07_diario_publimetro_0008-1387x1536.jpeg 1387w, https:\/\/gobierno.udd.cl\/cpp\/files\/2020\/03\/2020-02-07_diario_publimetro_0008-1850x2048.jpeg 1850w\" sizes=\"auto, (max-width: 271px) 100vw, 271px\" \/><\/a><\/p>\n","protected":false},"excerpt":{"rendered":"<p>Revivi\u00f3 la campa\u00f1a para colocar esa marca en el voto, esta vez, en el plebiscito del 26 de abril. Se busca dar una \u201cse\u00f1al pol\u00edtica\u201d, pero puede terminar perjudicando tu opci\u00f3n.<\/p>\n","protected":false},"author":0,"featured_media":4478,"comment_status":"open","ping_status":"open","sticky":false,"template":"","format":"standard","meta":{"footnotes":""},"categories":[10162],"tags":[],"class_list":["post-5442","post","type-post","status-publish","format-standard","has-post-thumbnail","hentry","category-centro-en-la-prensa"],"featured_image_url":"https:\/\/gobierno.udd.cl\/cpp\/files\/2019\/06\/Graficas_PoliticasPublicas-03.jpg","_links":{"self":[{"href":"https:\/\/gobierno.udd.cl\/cpp\/wp-json\/wp\/v2\/posts\/5442","targetHints":{"allow":["GET"]}}],"collection":[{"href":"https:\/\/gobierno.udd.cl\/cpp\/wp-json\/wp\/v2\/posts"}],"about":[{"href":"https:\/\/gobierno.udd.cl\/cpp\/wp-json\/wp\/v2\/types\/post"}],"replies":[{"embeddable":true,"href":"https:\/\/gobierno.udd.cl\/cpp\/wp-json\/wp\/v2\/comments?post=5442"}],"version-history":[{"count":0,"href":"https:\/\/gobierno.udd.cl\/cpp\/wp-json\/wp\/v2\/posts\/5442\/revisions"}],"wp:featuredmedia":[{"embeddable":true,"href":"https:\/\/gobierno.udd.cl\/cpp\/wp-json\/wp\/v2\/media\/4478"}],"wp:attachment":[{"href":"https:\/\/gobierno.udd.cl\/cpp\/wp-json\/wp\/v2\/media?parent=5442"}],"wp:term":[{"taxonomy":"category","embeddable":true,"href":"https:\/\/gobierno.udd.cl\/cpp\/wp-json\/wp\/v2\/categories?post=5442"},{"taxonomy":"post_tag","embeddable":true,"href":"https:\/\/gobierno.udd.cl\/cpp\/wp-json\/wp\/v2\/tags?post=5442"}],"curies":[{"name":"wp","href":"https:\/\/api.w.org\/{rel}","templated":true}]}}