{"id":5435,"date":"2020-01-22T11:52:30","date_gmt":"2020-01-22T14:52:30","guid":{"rendered":"http:\/\/gobierno.udd.cl\/cpp\/?p=5435"},"modified":"2020-01-22T11:52:30","modified_gmt":"2020-01-22T14:52:30","slug":"reforma-de-pensiones-continua-su-debate-en-el-congreso-radio-el-conquistador","status":"publish","type":"post","link":"https:\/\/gobierno.udd.cl\/cpp\/noticias\/2020\/01\/22\/reforma-de-pensiones-continua-su-debate-en-el-congreso-radio-el-conquistador\/","title":{"rendered":"Reforma de pensiones contin\u00faa su debate en el Congreso &#8211; Radio El Conquistador"},"content":{"rendered":"<p>Menci\u00f3n:\u00a0Juan Castro, FONASA, Ministro Ma\u00f1alich, IVA, Canal 13, Colegio M\u00e9dico, Izkia Siches, Alejandra Krauss, Rodrigo Vald\u00e9s, AFP, Joaqu\u00edn Lav\u00edn,\u00a0<strong><span class=\"highlight\">Gonzalo<\/span>\u00a0<\/strong><span class=\"highlight\"><strong>M\u00fcller<\/strong>.<\/span><\/p>\n<p>&nbsp;<\/p>\n<audio class=\"wp-audio-shortcode\" id=\"audio-5435-1\" preload=\"none\" style=\"width: 100%;\" controls=\"controls\"><source type=\"audio\/mpeg\" src=\"http:\/\/conectamedia.s3.amazonaws.com\/f7b9a5f3bbbd6b61dc398bd19434178b.mp3?_=1\" \/><a href=\"http:\/\/conectamedia.s3.amazonaws.com\/f7b9a5f3bbbd6b61dc398bd19434178b.mp3\">http:\/\/conectamedia.s3.amazonaws.com\/f7b9a5f3bbbd6b61dc398bd19434178b.mp3<\/a><\/audio>\n<p>&nbsp;<\/p>\n<p>&nbsp;<\/p>\n","protected":false},"excerpt":{"rendered":"<p>Informe de la comisi\u00f3n nacional de productividad marca un retroceso en 2019, con un &#8211; 0,3%. Se suspendi\u00f3 la sesi\u00f3n de la comisi\u00f3n de trabajo que debate el proyecto de pensiones.<\/p>\n","protected":false},"author":0,"featured_media":4478,"comment_status":"open","ping_status":"open","sticky":false,"template":"","format":"standard","meta":{"footnotes":""},"categories":[10162],"tags":[],"class_list":["post-5435","post","type-post","status-publish","format-standard","has-post-thumbnail","hentry","category-centro-en-la-prensa"],"featured_image_url":"https:\/\/gobierno.udd.cl\/cpp\/files\/2019\/06\/Graficas_PoliticasPublicas-03.jpg","_links":{"self":[{"href":"https:\/\/gobierno.udd.cl\/cpp\/wp-json\/wp\/v2\/posts\/5435","targetHints":{"allow":["GET"]}}],"collection":[{"href":"https:\/\/gobierno.udd.cl\/cpp\/wp-json\/wp\/v2\/posts"}],"about":[{"href":"https:\/\/gobierno.udd.cl\/cpp\/wp-json\/wp\/v2\/types\/post"}],"replies":[{"embeddable":true,"href":"https:\/\/gobierno.udd.cl\/cpp\/wp-json\/wp\/v2\/comments?post=5435"}],"version-history":[{"count":0,"href":"https:\/\/gobierno.udd.cl\/cpp\/wp-json\/wp\/v2\/posts\/5435\/revisions"}],"wp:featuredmedia":[{"embeddable":true,"href":"https:\/\/gobierno.udd.cl\/cpp\/wp-json\/wp\/v2\/media\/4478"}],"wp:attachment":[{"href":"https:\/\/gobierno.udd.cl\/cpp\/wp-json\/wp\/v2\/media?parent=5435"}],"wp:term":[{"taxonomy":"category","embeddable":true,"href":"https:\/\/gobierno.udd.cl\/cpp\/wp-json\/wp\/v2\/categories?post=5435"},{"taxonomy":"post_tag","embeddable":true,"href":"https:\/\/gobierno.udd.cl\/cpp\/wp-json\/wp\/v2\/tags?post=5435"}],"curies":[{"name":"wp","href":"https:\/\/api.w.org\/{rel}","templated":true}]}}