{"id":5396,"date":"2020-01-09T16:10:08","date_gmt":"2020-01-09T19:10:08","guid":{"rendered":"http:\/\/gobierno.udd.cl\/cpp\/?p=5396"},"modified":"2020-01-09T16:10:08","modified_gmt":"2020-01-09T19:10:08","slug":"la-tension-entre-estados-unidos-e-iran-mega-plus","status":"publish","type":"post","link":"https:\/\/gobierno.udd.cl\/cpp\/noticias\/2020\/01\/09\/la-tension-entre-estados-unidos-e-iran-mega-plus\/","title":{"rendered":"La tensi\u00f3n entre Estados Unidos e Ir\u00e1n &#8211; Mega Plus"},"content":{"rendered":"<p><strong>Habla<\/strong>:\u00a0<span class=\"highlight\">Guido<\/span>\u00a0<span class=\"highlight\">Larson<\/span>, experto internacional de la UDD; Gilberto Aranda, analista internacional de la Universidad de Chile.<\/p>\n<div style=\"width: 640px;\" class=\"wp-video\"><video class=\"wp-video-shortcode\" id=\"video-5396-1\" width=\"640\" height=\"360\" preload=\"metadata\" controls=\"controls\"><source type=\"video\/mp4\" src=\"http:\/\/conectamedia.s3.amazonaws.com\/14a058692c58115f3c151cef7aaa152b.mp4?_=1\" \/><a href=\"http:\/\/conectamedia.s3.amazonaws.com\/14a058692c58115f3c151cef7aaa152b.mp4\">http:\/\/conectamedia.s3.amazonaws.com\/14a058692c58115f3c151cef7aaa152b.mp4<\/a><\/video><\/div>\n","protected":false},"excerpt":{"rendered":"<p>El ataque de Estados Unidos contra el general Iran\u00ed, Soleimani, desat\u00f3 tensos momentos, en que el pa\u00eds \u00e1rabe reaccion\u00f3 bombardeando la base militar estadounidense en Irak.<br \/>\nPrograma \u00abPalabras con poder\u00bb radio Infinita. <\/p>\n","protected":false},"author":0,"featured_media":4478,"comment_status":"open","ping_status":"open","sticky":false,"template":"","format":"standard","meta":{"footnotes":""},"categories":[10162],"tags":[],"class_list":["post-5396","post","type-post","status-publish","format-standard","has-post-thumbnail","hentry","category-centro-en-la-prensa"],"featured_image_url":"https:\/\/gobierno.udd.cl\/cpp\/files\/2019\/06\/Graficas_PoliticasPublicas-03.jpg","_links":{"self":[{"href":"https:\/\/gobierno.udd.cl\/cpp\/wp-json\/wp\/v2\/posts\/5396","targetHints":{"allow":["GET"]}}],"collection":[{"href":"https:\/\/gobierno.udd.cl\/cpp\/wp-json\/wp\/v2\/posts"}],"about":[{"href":"https:\/\/gobierno.udd.cl\/cpp\/wp-json\/wp\/v2\/types\/post"}],"replies":[{"embeddable":true,"href":"https:\/\/gobierno.udd.cl\/cpp\/wp-json\/wp\/v2\/comments?post=5396"}],"version-history":[{"count":0,"href":"https:\/\/gobierno.udd.cl\/cpp\/wp-json\/wp\/v2\/posts\/5396\/revisions"}],"wp:featuredmedia":[{"embeddable":true,"href":"https:\/\/gobierno.udd.cl\/cpp\/wp-json\/wp\/v2\/media\/4478"}],"wp:attachment":[{"href":"https:\/\/gobierno.udd.cl\/cpp\/wp-json\/wp\/v2\/media?parent=5396"}],"wp:term":[{"taxonomy":"category","embeddable":true,"href":"https:\/\/gobierno.udd.cl\/cpp\/wp-json\/wp\/v2\/categories?post=5396"},{"taxonomy":"post_tag","embeddable":true,"href":"https:\/\/gobierno.udd.cl\/cpp\/wp-json\/wp\/v2\/tags?post=5396"}],"curies":[{"name":"wp","href":"https:\/\/api.w.org\/{rel}","templated":true}]}}